{"id":49327,"date":"2022-08-18T15:33:09","date_gmt":"2022-08-18T20:33:09","guid":{"rendered":"https:\/\/interaccionnoticias.com.mx\/?p=49327"},"modified":"2022-08-18T15:33:14","modified_gmt":"2022-08-18T20:33:14","slug":"rechaza-la-seg-acciones-de-presion-para-restablecer-el-dialogo-con-la-ceteg","status":"publish","type":"post","link":"https:\/\/www.interaccionnoticias.com.mx\/?p=49327","title":{"rendered":"Rechaza la SEG acciones de presi\u00f3n para restablecer el dialogo con la CETEG"},"content":{"rendered":"\n<p><strong><em>&#8212; No hay justificaci\u00f3n, los problemas se han atendido, asegura el secretario Marcial Rodr\u00edguez Salda\u00f1a<\/em><\/strong><\/p>\n\n\n\n<p><strong>Rogelio Agust\u00edn<\/strong><\/p>\n\n\n\n<p>El titular de la Secretar\u00eda de Educaci\u00f3n Guerrero (SEG), Marcial Rodr\u00edguez Salda\u00f1a invit\u00f3 a la Coordinadora Estatal de Trabajadores de la Educaci\u00f3n (CETEG) a retomar el dialogo, pero aclar\u00f3 que las mesas de trabajo no se pueden retomar bajo un esquema de presi\u00f3n, que consiste en la toma de edificios p\u00fablicos o el bloqueo de calles.<\/p>\n\n\n\n<p>La ma\u00f1ana del jueves, el titular de la SEG manifest\u00f3 que la disposici\u00f3n a dialogar con la dirigencia del magisterio disidente se mantiene, aunque precis\u00f3 que no comparte acciones como la toma de oficinas, la irrupci\u00f3n en edificios p\u00fablicos ni el bloqueo de calles.<\/p>\n\n\n\n<p>Rodr\u00edguez Salda\u00f1a refiri\u00f3 que su actitud se ha mantenido en la ruta de atender y resolver los problemas del sector en reuniones de trabajo, tomando en cuenta el \u00e1mbito de competencia que se tiene en el Gobierno de Guerrero.<\/p>\n\n\n\n<p>\u201cYo he sido muy prudente y no he llevado el tema a los medios, pero quiero decir que no puedo dejar que se genere la percepci\u00f3n de que no hay atenci\u00f3n de parte de la Secretar\u00eda de Educaci\u00f3n\u201d, anot\u00f3.<\/p>\n\n\n\n<p>Indic\u00f3 que son muchas las reuniones que se han sostenido con los maestros disidentes, algunas de ellas muy intensas pero han permitido alcanzar acuerdos en temas que la SEG tiene en su competencia.<\/p>\n\n\n\n<p>Por eso indic\u00f3: \u201cEl llamado que hago es a restablecer una mesa de dialogo, pero con normalidad\u201d.<\/p>\n\n\n\n<p>Indic\u00f3 que el pasado lunes tuvo la oportunidad de dialogar con un grupo de representantes de la CETEG, con quienes se plante\u00f3 una reuni\u00f3n que se desarrollar\u00eda el miercoles 17 de agosto a las 11:00 horas, en las instalaciones de Palacio de Gobierno, sin embargo, los maestros antes de llegar al encuentro tomaron varias oficinas de la dependencia.<\/p>\n\n\n\n<p>\u201cYo los esperaba para dialogar, pero me informan que han tomado varias instalaciones de la Secretar\u00eda, lo que me caus\u00f3 mucha sorpresa porque ten\u00edamos una cita, incluso cont\u00e1bamos con una agenda y en vez de ir a la mesa de dialogo se toman instalaciones\u201d, anot\u00f3.<\/p>\n\n\n\n<p>La declaraci\u00f3n la emiti\u00f3 antes de que la CETEG irrumpiera en las instalaciones del Congreso local y posteriormente se bloquearan calles del centro de Chilpancingo.<\/p>\n\n\n\n<p>No obstante, insisti\u00f3 en la necesidad de retomar la comunicaci\u00f3n: \u201cPorque ha nadie conviene que haya una falta de acuerdos, por nuestra parte hubo disposici\u00f3n y ahora hay que retomar el dialogo, pero el dialogo tiene que ser en un ambiente de respeto y de normalidad\u201d.<\/p>\n\n\n\n<p>Puntualiz\u00f3: \u201cNo podemos estar dialogando si est\u00e1n tomadas las instalaciones, porque para eso es que estamos buscando los acuerdos\u201d.<\/p>\n\n\n\n<p>Insisti\u00f3 en que no hay necvesidad de recurrir a la presi\u00f3n, porque se ha mostrado atenci\u00f3n a los problemas.<\/p>\n\n\n\n<p>Incluso, se\u00f1al\u00f3 que existe una ruta a nivel nacional para caminar en la atenci\u00f3n de los problemas que tienen los maestros.<\/p>\n\n\n\n<p>Sin embargo, sostuvo que para instalar las mesas de trabajose requiere que no haya edificios tomados, por los insumos que se pueden requerir y porque se afecta a los trabajadores.<\/p>\n\n\n\n<p>\u201cYo espero que se restablezca el dialogo pero en condiciones normales, de respeto y que haya disposici\u00f3n para resolver\u201d, anot\u00f3.<\/p>\n","protected":false},"excerpt":{"rendered":"<p>&#8212; No hay justificaci\u00f3n, los problemas se han atendido, asegura el secretario Marcial Rodr\u00edguez Salda\u00f1a Rogelio Agust\u00edn El titular de la Secretar\u00eda de Educaci\u00f3n Guerrero (SEG), Marcial Rodr\u00edguez Salda\u00f1a invit\u00f3&hellip; <\/p>\n","protected":false},"author":21,"featured_media":49328,"comment_status":"open","ping_status":"open","sticky":false,"template":"","format":"standard","meta":{"fifu_image_url":"","fifu_image_alt":"","footnotes":""},"categories":[6],"tags":[],"class_list":["post-49327","post","type-post","status-publish","format-standard","has-post-thumbnail","hentry","category-educacion"],"_links":{"self":[{"href":"https:\/\/www.interaccionnoticias.com.mx\/index.php?rest_route=\/wp\/v2\/posts\/49327","targetHints":{"allow":["GET"]}}],"collection":[{"href":"https:\/\/www.interaccionnoticias.com.mx\/index.php?rest_route=\/wp\/v2\/posts"}],"about":[{"href":"https:\/\/www.interaccionnoticias.com.mx\/index.php?rest_route=\/wp\/v2\/types\/post"}],"author":[{"embeddable":true,"href":"https:\/\/www.interaccionnoticias.com.mx\/index.php?rest_route=\/wp\/v2\/users\/21"}],"replies":[{"embeddable":true,"href":"https:\/\/www.interaccionnoticias.com.mx\/index.php?rest_route=%2Fwp%2Fv2%2Fcomments&post=49327"}],"version-history":[{"count":1,"href":"https:\/\/www.interaccionnoticias.com.mx\/index.php?rest_route=\/wp\/v2\/posts\/49327\/revisions"}],"predecessor-version":[{"id":49329,"href":"https:\/\/www.interaccionnoticias.com.mx\/index.php?rest_route=\/wp\/v2\/posts\/49327\/revisions\/49329"}],"wp:featuredmedia":[{"embeddable":true,"href":"https:\/\/www.interaccionnoticias.com.mx\/index.php?rest_route=\/wp\/v2\/media\/49328"}],"wp:attachment":[{"href":"https:\/\/www.interaccionnoticias.com.mx\/index.php?rest_route=%2Fwp%2Fv2%2Fmedia&parent=49327"}],"wp:term":[{"taxonomy":"category","embeddable":true,"href":"https:\/\/www.interaccionnoticias.com.mx\/index.php?rest_route=%2Fwp%2Fv2%2Fcategories&post=49327"},{"taxonomy":"post_tag","embeddable":true,"href":"https:\/\/www.interaccionnoticias.com.mx\/index.php?rest_route=%2Fwp%2Fv2%2Ftags&post=49327"}],"curies":[{"name":"wp","href":"https:\/\/api.w.org\/{rel}","templated":true}]}}