{"id":49324,"date":"2022-08-18T15:29:22","date_gmt":"2022-08-18T20:29:22","guid":{"rendered":"https:\/\/interaccionnoticias.com.mx\/?p=49324"},"modified":"2022-08-18T15:29:27","modified_gmt":"2022-08-18T20:29:27","slug":"ceteg-cierra-centro-de-la-capital","status":"publish","type":"post","link":"https:\/\/www.interaccionnoticias.com.mx\/?p=49324","title":{"rendered":"CETEG cierra centro de la capital"},"content":{"rendered":"\n<p><strong>Jes\u00fas Dorantes<\/strong><\/p>\n\n\n\n<p><strong>Chilpancingo, Gro.-<\/strong> Profesores de la Coordinadora Estatal de Trabajadores de la Educaci\u00f3n en Guerrero (CETEG) encabezados por H\u00e9ctor Torres Solano cerraron las avenidas Vicente Guerrero y Benito Ju\u00e1rez en exigencia de una mesa de di\u00e1logo con autoridades de la Secretar\u00eda de Educaci\u00f3n Guerrero (SEG).<\/p>\n\n\n\n<p>La tarde del jueves 200 profesores cerraron las referidas avenidas del municipio de Chilpancingo en exigencia de que Marcial Rodr\u00edguez Salda\u00f1a reanude las mesas de trabajo con el magisterio, adem\u00e1s de que sea publicada la convocatoria para jubilaci\u00f3n.<\/p>\n\n\n\n<p>La cual cuenta con recursos destinados por la Secretar\u00eda de Educaci\u00f3n P\u00fablica (SEP), pero no han llegado al estado por la falta de tr\u00e1mites de la SEG, tambi\u00e9n se solicit\u00f3 la revisi\u00f3n de los cambios de adscripci\u00f3n.<\/p>\n\n\n\n<p>El l\u00edder de la CETEG a nivel estado tambi\u00e9n acus\u00f3 a Rodr\u00edguez Salda\u00f1a de manejar un doble discurso, ya que constantemente declara o P\u00fablica en redes sociales que se encuentra abierto al di\u00e1logo con con el magisterio.<\/p>\n\n\n\n<p>Pero suspende las mesas de di\u00e1logo constantemente como ocurri\u00f3 el d\u00eda mi\u00e9rcoles 18 de agosto.<\/p>\n\n\n\n<p>A pregunta expresa sobre solicitar la destituci\u00f3n del titular Educaci\u00f3n a la gobernadora Evelyn Salgado Pineda, Torres Solano destac\u00f3 que esa decisi\u00f3n en manos de la titular del Poder Ejecutivo.<\/p>\n","protected":false},"excerpt":{"rendered":"<p>Jes\u00fas Dorantes Chilpancingo, Gro.- Profesores de la Coordinadora Estatal de Trabajadores de la Educaci\u00f3n en Guerrero (CETEG) encabezados por H\u00e9ctor Torres Solano cerraron las avenidas Vicente Guerrero y Benito Ju\u00e1rez&hellip; <\/p>\n","protected":false},"author":8,"featured_media":49325,"comment_status":"open","ping_status":"open","sticky":false,"template":"","format":"standard","meta":{"fifu_image_url":"","fifu_image_alt":"","footnotes":""},"categories":[6],"tags":[],"class_list":["post-49324","post","type-post","status-publish","format-standard","has-post-thumbnail","hentry","category-educacion"],"_links":{"self":[{"href":"https:\/\/www.interaccionnoticias.com.mx\/index.php?rest_route=\/wp\/v2\/posts\/49324","targetHints":{"allow":["GET"]}}],"collection":[{"href":"https:\/\/www.interaccionnoticias.com.mx\/index.php?rest_route=\/wp\/v2\/posts"}],"about":[{"href":"https:\/\/www.interaccionnoticias.com.mx\/index.php?rest_route=\/wp\/v2\/types\/post"}],"author":[{"embeddable":true,"href":"https:\/\/www.interaccionnoticias.com.mx\/index.php?rest_route=\/wp\/v2\/users\/8"}],"replies":[{"embeddable":true,"href":"https:\/\/www.interaccionnoticias.com.mx\/index.php?rest_route=%2Fwp%2Fv2%2Fcomments&post=49324"}],"version-history":[{"count":1,"href":"https:\/\/www.interaccionnoticias.com.mx\/index.php?rest_route=\/wp\/v2\/posts\/49324\/revisions"}],"predecessor-version":[{"id":49326,"href":"https:\/\/www.interaccionnoticias.com.mx\/index.php?rest_route=\/wp\/v2\/posts\/49324\/revisions\/49326"}],"wp:featuredmedia":[{"embeddable":true,"href":"https:\/\/www.interaccionnoticias.com.mx\/index.php?rest_route=\/wp\/v2\/media\/49325"}],"wp:attachment":[{"href":"https:\/\/www.interaccionnoticias.com.mx\/index.php?rest_route=%2Fwp%2Fv2%2Fmedia&parent=49324"}],"wp:term":[{"taxonomy":"category","embeddable":true,"href":"https:\/\/www.interaccionnoticias.com.mx\/index.php?rest_route=%2Fwp%2Fv2%2Fcategories&post=49324"},{"taxonomy":"post_tag","embeddable":true,"href":"https:\/\/www.interaccionnoticias.com.mx\/index.php?rest_route=%2Fwp%2Fv2%2Ftags&post=49324"}],"curies":[{"name":"wp","href":"https:\/\/api.w.org\/{rel}","templated":true}]}}