{"id":49320,"date":"2022-08-18T15:25:39","date_gmt":"2022-08-18T20:25:39","guid":{"rendered":"https:\/\/interaccionnoticias.com.mx\/?p=49320"},"modified":"2022-08-18T15:25:44","modified_gmt":"2022-08-18T20:25:44","slug":"levantan-bloqueos-a-tsj-y-fge-en-costa-chica","status":"publish","type":"post","link":"https:\/\/www.interaccionnoticias.com.mx\/?p=49320","title":{"rendered":"Levantan bloqueos a TSJ y FGE en Costa Chica"},"content":{"rendered":"\n<p><strong><em>&#8212; Habr\u00e1 una mesa de dialogo con autoridades: BPV<br>&#8212; Ind\u00edgenas de cinco municipios participaron<\/em><\/strong><\/p>\n\n\n\n<p><strong>Javier Trujillo<\/strong><\/p>\n\n\n\n<p><strong>Acapulco, Gro. \u2013 <\/strong>Integrantes de comunidades ind\u00edgenas de la UPOEG, de cinco municipios costeros, acordaron levantar la toma de instalaciones que ten\u00edan en sedes de la fiscal\u00eda general del Estado y del Tribunal Superior de Justicia.<\/p>\n\n\n\n<p>Lo anterior, luego que el promotor de la Uni\u00f3n de Pueblos y Organizaciones del Estado de Guerrero (UPOEG), Bruno Pl\u00e1cido Valerio, inform\u00f3 que se establecieron acuerdos para una mesa de dialogo con autoridades.<\/p>\n\n\n\n<p>\u201cYa nos levantamos, en algunos municipios desde anoche se levantaron, hoy por la ma\u00f1ana en Ometepec, Marquelia y Ayutla de los Libres. El acuerdo ser\u00e1 con la gobernadora Evelyn Salgado Pineda.<\/p>\n\n\n\n<p>\u201cSe est\u00e1 trabajando con las comunidades ind\u00edgenas de los municipios, para que en caso de que no haya una respuesta o que no cumplan el acuerdo para la mesa de dialogo. Estamos considerando la posibilidad de tomar la Autopista del Sol\u201d, adelant\u00f3 el promotor Pl\u00e1cido Valerio.<\/p>\n\n\n\n<p>Explic\u00f3 que las instancias que participar\u00e1n en la mesa de negociaci\u00f3n est\u00e1 el titular del Tribual Superior de Justicia, Raymundo Casarrubias V\u00e1zquez y el director de gobernaci\u00f3n, Francisco Rodr\u00edguez Cisneros, entre otros.<\/p>\n\n\n\n<p>Sobre la toma de las instalaciones de la fiscal\u00eda general del Estado, as\u00ed como agencias del Ministerio P\u00fablico, y los juzgados de la Ciudad Judicial en Ometepec, fueron liberados en su totalidad.<\/p>\n\n\n\n<p>Al cumplirse m\u00e1s de 24 horas de la toma de instalaciones por habitantes de comunidades ind\u00edgenas mixtecas y amuzgas se cinco municipios de la regi\u00f3n de la Costa Chica del estado de Guerrero, ya quedaron liberadas.<\/p>\n\n\n\n<p>En las instalaciones de la ciudad judicial, ubicada en el municipio de Ometepec, solamente qued\u00f3 la basura, tras la partida de los pobladores ind\u00edgenas que durante m\u00e1s de 24 horas se mantuvieron en la protesta.<\/p>\n","protected":false},"excerpt":{"rendered":"<p>&#8212; Habr\u00e1 una mesa de dialogo con autoridades: BPV&#8212; Ind\u00edgenas de cinco municipios participaron Javier Trujillo Acapulco, Gro. \u2013 Integrantes de comunidades ind\u00edgenas de la UPOEG, de cinco municipios costeros,&hellip; <\/p>\n","protected":false},"author":3,"featured_media":49322,"comment_status":"open","ping_status":"open","sticky":false,"template":"","format":"standard","meta":{"fifu_image_url":"","fifu_image_alt":"","footnotes":""},"categories":[23],"tags":[],"class_list":["post-49320","post","type-post","status-publish","format-standard","has-post-thumbnail","hentry","category-regionales"],"_links":{"self":[{"href":"https:\/\/www.interaccionnoticias.com.mx\/index.php?rest_route=\/wp\/v2\/posts\/49320","targetHints":{"allow":["GET"]}}],"collection":[{"href":"https:\/\/www.interaccionnoticias.com.mx\/index.php?rest_route=\/wp\/v2\/posts"}],"about":[{"href":"https:\/\/www.interaccionnoticias.com.mx\/index.php?rest_route=\/wp\/v2\/types\/post"}],"author":[{"embeddable":true,"href":"https:\/\/www.interaccionnoticias.com.mx\/index.php?rest_route=\/wp\/v2\/users\/3"}],"replies":[{"embeddable":true,"href":"https:\/\/www.interaccionnoticias.com.mx\/index.php?rest_route=%2Fwp%2Fv2%2Fcomments&post=49320"}],"version-history":[{"count":1,"href":"https:\/\/www.interaccionnoticias.com.mx\/index.php?rest_route=\/wp\/v2\/posts\/49320\/revisions"}],"predecessor-version":[{"id":49323,"href":"https:\/\/www.interaccionnoticias.com.mx\/index.php?rest_route=\/wp\/v2\/posts\/49320\/revisions\/49323"}],"wp:featuredmedia":[{"embeddable":true,"href":"https:\/\/www.interaccionnoticias.com.mx\/index.php?rest_route=\/wp\/v2\/media\/49322"}],"wp:attachment":[{"href":"https:\/\/www.interaccionnoticias.com.mx\/index.php?rest_route=%2Fwp%2Fv2%2Fmedia&parent=49320"}],"wp:term":[{"taxonomy":"category","embeddable":true,"href":"https:\/\/www.interaccionnoticias.com.mx\/index.php?rest_route=%2Fwp%2Fv2%2Fcategories&post=49320"},{"taxonomy":"post_tag","embeddable":true,"href":"https:\/\/www.interaccionnoticias.com.mx\/index.php?rest_route=%2Fwp%2Fv2%2Ftags&post=49320"}],"curies":[{"name":"wp","href":"https:\/\/api.w.org\/{rel}","templated":true}]}}