{"id":49268,"date":"2022-08-17T17:06:52","date_gmt":"2022-08-17T22:06:52","guid":{"rendered":"https:\/\/interaccionnoticias.com.mx\/?p=49268"},"modified":"2022-08-17T17:06:54","modified_gmt":"2022-08-17T22:06:54","slug":"oficialmente-la-comunidad-lgbt-se-queda-sin-representante-en-el-congreso-de-guerrero","status":"publish","type":"post","link":"https:\/\/www.interaccionnoticias.com.mx\/?p=49268","title":{"rendered":"Oficialmente, la comunidad LGBT se queda sin representante en el Congreso de Guerrero"},"content":{"rendered":"\n<p><strong><em>&#8212; Comisi\u00f3n Permanente avala el regreso de Jacinto Gonz\u00e1lez<\/em><\/strong><\/p>\n\n\n\n<p><strong>Rogelio Agust\u00edn<\/strong><\/p>\n\n\n\n<p>Este miercoles se concret\u00f3 la reincorporaci\u00f3n al Congreso del diputado Jacinto Gonz\u00e1lez Varona, queda fuera el suplente, Fernando Ag\u00fcero Garc\u00eda, quien era representante de la comunidad LGBT en el Poder Legislativo<\/p>\n\n\n\n<p>En el inicio de la sesi\u00f3n que sostuvo este 17 de agosto la Comisi\u00f3n Permanente del Congreso local, se dio lectura al oficio enviado por Gonz\u00e1lez Varona a la presidenta de la Mesa Directiva, Flor A\u00f1orve Ocampo, en el que pide que se de por terminada la licencia otorgada el pasado 20 de julio.<\/p>\n\n\n\n<p>De acuerdo con el documento entregado a la Mesa Directiva el viernes 12 de agosto, la licencia debi\u00f3 fenecer el pasado lunes 15, pero fue hasta este miercoles que el asunto fue planteado ante la Comisi\u00f3n Permanente.<\/p>\n\n\n\n<p>La presidenta de la Mesa, Flor A\u00f1orve Ocampo declar\u00f3 oficialmente la reincorporaci\u00f3n del diputado Gonz\u00e1lez a su curul, a la cual accedi\u00f3 por la v\u00eda de la representaci\u00f3n proporcional, en la relaci\u00f3n que registr\u00f3 Morena ante el Instituto Electoral y de Participaci\u00f3n Ciudadana (IEPC).<\/p>\n\n\n\n<p>Todav\u00eda el martes, el suplente, Fernando Ag\u00fcero tom\u00f3 parte de un grupo de diputados, entre ellos el coordinador de Morena, Alfredo S\u00e1nchez Esquivel, que presentaron una iniciativa de ley en materia de apoyar a familiares de v\u00edctimas de desaparici\u00f3n forzada de personas.<\/p>\n\n\n\n<p>Fernando Ag\u00fcero fue abanderado por colectivos de la comunidad LGBT el pasado 21 de julio, como representante de dicha comunidad al seno de la 63 Legislatura local, como parte de las acciones afirmativas otorgadas a favor de los sectores vulnerables.<\/p>\n\n\n\n<p>Durante las dos semanas en que se desempe\u00f1\u00f3 como diputado local, Ag\u00fcero Garc\u00eda manifest\u00f3 su inter\u00e9s de dar continuidad a la iniciativa encaminada a legalizar los matrimonios entre personas del mismo sexo, adem\u00e1s de realizar visitas a varios municipios con la intenci\u00f3n de apoyar a integrantes de la comunidad LGBT, en algunos casos reparti\u00f3 despensas y dem\u00e1s apoyos.<\/p>\n\n\n\n<p>El lunes pasado, en la instalaciones del Instituto de Estudios Parlamentarios (IEPEN) Eduardo Neri, Fernando Ag\u00fcero sostuvo que el titular de la curul se hab\u00eda burlado de la comunidad LGBT, una vez que al separarse del cargo para contender por la dirigencia de Morena, ofreci\u00f3 no regresar a dicho espacio, pero finalmente se desdijo.<\/p>\n\n\n\n<p>El propio Jacinto Gonz\u00e1lez aclar\u00f3 que su regreso es temporal, pues hay asuntos que est\u00e1n pendientes en la comisi\u00f3n de Evaluaci\u00f3n de la Auditor\u00eda Superior del Estado (ASE) que debe atender en su calidad de presidente, una vez desahogados dichos pendientes, volver\u00e1 a ceder el espacio en el Congreso.<\/p>\n","protected":false},"excerpt":{"rendered":"<p>&#8212; Comisi\u00f3n Permanente avala el regreso de Jacinto Gonz\u00e1lez Rogelio Agust\u00edn Este miercoles se concret\u00f3 la reincorporaci\u00f3n al Congreso del diputado Jacinto Gonz\u00e1lez Varona, queda fuera el suplente, Fernando Ag\u00fcero&hellip; <\/p>\n","protected":false},"author":14,"featured_media":49269,"comment_status":"open","ping_status":"open","sticky":false,"template":"","format":"standard","meta":{"fifu_image_url":"","fifu_image_alt":"","footnotes":""},"categories":[2],"tags":[],"class_list":["post-49268","post","type-post","status-publish","format-standard","has-post-thumbnail","hentry","category-congreso"],"_links":{"self":[{"href":"https:\/\/www.interaccionnoticias.com.mx\/index.php?rest_route=\/wp\/v2\/posts\/49268","targetHints":{"allow":["GET"]}}],"collection":[{"href":"https:\/\/www.interaccionnoticias.com.mx\/index.php?rest_route=\/wp\/v2\/posts"}],"about":[{"href":"https:\/\/www.interaccionnoticias.com.mx\/index.php?rest_route=\/wp\/v2\/types\/post"}],"author":[{"embeddable":true,"href":"https:\/\/www.interaccionnoticias.com.mx\/index.php?rest_route=\/wp\/v2\/users\/14"}],"replies":[{"embeddable":true,"href":"https:\/\/www.interaccionnoticias.com.mx\/index.php?rest_route=%2Fwp%2Fv2%2Fcomments&post=49268"}],"version-history":[{"count":1,"href":"https:\/\/www.interaccionnoticias.com.mx\/index.php?rest_route=\/wp\/v2\/posts\/49268\/revisions"}],"predecessor-version":[{"id":49270,"href":"https:\/\/www.interaccionnoticias.com.mx\/index.php?rest_route=\/wp\/v2\/posts\/49268\/revisions\/49270"}],"wp:featuredmedia":[{"embeddable":true,"href":"https:\/\/www.interaccionnoticias.com.mx\/index.php?rest_route=\/wp\/v2\/media\/49269"}],"wp:attachment":[{"href":"https:\/\/www.interaccionnoticias.com.mx\/index.php?rest_route=%2Fwp%2Fv2%2Fmedia&parent=49268"}],"wp:term":[{"taxonomy":"category","embeddable":true,"href":"https:\/\/www.interaccionnoticias.com.mx\/index.php?rest_route=%2Fwp%2Fv2%2Fcategories&post=49268"},{"taxonomy":"post_tag","embeddable":true,"href":"https:\/\/www.interaccionnoticias.com.mx\/index.php?rest_route=%2Fwp%2Fv2%2Ftags&post=49268"}],"curies":[{"name":"wp","href":"https:\/\/api.w.org\/{rel}","templated":true}]}}