{"id":49237,"date":"2022-08-17T10:17:34","date_gmt":"2022-08-17T15:17:34","guid":{"rendered":"https:\/\/interaccionnoticias.com.mx\/?p=49237"},"modified":"2022-08-17T10:17:39","modified_gmt":"2022-08-17T15:17:39","slug":"marcha-personal-de-la-capach-en-chilpancingo","status":"publish","type":"post","link":"https:\/\/www.interaccionnoticias.com.mx\/?p=49237","title":{"rendered":"Marcha personal de la CAPACH en Chilpancingo"},"content":{"rendered":"\n<p><strong><em>&#8212; Advierten que radicalizaran protestas de ser necesario<\/em><\/strong><\/p>\n\n\n\n<p><strong>Jes\u00fas Dorantes<\/strong><\/p>\n\n\n\n<p><strong>Chilpancingo, Gro.- <\/strong>Trabajadores de la Secci\u00f3n XXXII de la Comisi\u00f3n de Agua Potable y Alcantarillado de Chilpancingo (CAPACH) marcharon en la capital del estado durante su segundo d\u00eda de paro laboral, en demanda del pago salarios, primas y bonos que se les adeudan por la actual administraci\u00f3n.<\/p>\n\n\n\n<p>La ma\u00f1ana del mi\u00e9rcoles personal de la CAPACH se dieron cita sus instalaciones ubicadas en el barrio de San Mateo d\u00f3nde permanecen el paro laboral desde el pasado lunes, en rueda de prensa su l\u00edder sindical previo a la marcha el lider Gaudencio Atrisco Campos denunci\u00f3 que no existe respuesta alguna de la alcaldesa Norma Otilia Hern\u00e1ndez Mart\u00ednez ante su protesta.<\/p>\n\n\n\n<p>Ante esta situaci\u00f3n Atrisco Campos confirm\u00f3 que la base trabajadora decidi\u00f3 radicalizar sus protestas con el paso de los d\u00edas, por lo que en pr\u00f3ximos d\u00edas podr\u00edan cerrar las sistemas de bombeo de la capital para ejercer mayor presi\u00f3n al ayuntamiento.<\/p>\n\n\n\n<p>Hasta la fecha se adeudan la primer quincena de agosto, la prima vacacional del primer periodo 2022, el retroactivo de enero a julio 2022, tres quincenas atrasadas del 1 al 31 de agosto del 2021 y del 1 al q5 de septiembre del 2021.<\/p>\n\n\n\n<p>Tambi\u00e9n dentro de su pliego petitorio se encuentra la entrega de despensas de enero del 2021, y septiembre del 2020, entrega de uniformes de los a\u00f1os 2019 al 2021 y las cuotas sindicales del 2018 al 2021.<br><\/p>\n\n\n\n<figure class=\"wp-block-image size-large\"><img decoding=\"async\" src=\"data:image\/gif;base64,R0lGODlhAQABAIAAAAAAAP\/\/\/ywAAAAAAQABAAACAUwAOw==\" fifu-lazy=\"1\" fifu-data-sizes=\"auto\" fifu-data-srcset=\"https:\/\/i2.wp.com\/interaccionnoticias.com.mx\/wp-content\/uploads\/2022\/08\/220817-Marcha-CAPACH-1024x683.jpg?ssl=1&w=75&resize=75&ssl=1 75w, https:\/\/i2.wp.com\/interaccionnoticias.com.mx\/wp-content\/uploads\/2022\/08\/220817-Marcha-CAPACH-1024x683.jpg?ssl=1&w=100&resize=100&ssl=1 100w, https:\/\/i2.wp.com\/interaccionnoticias.com.mx\/wp-content\/uploads\/2022\/08\/220817-Marcha-CAPACH-1024x683.jpg?ssl=1&w=150&resize=150&ssl=1 150w, https:\/\/i2.wp.com\/interaccionnoticias.com.mx\/wp-content\/uploads\/2022\/08\/220817-Marcha-CAPACH-1024x683.jpg?ssl=1&w=240&resize=240&ssl=1 240w, https:\/\/i2.wp.com\/interaccionnoticias.com.mx\/wp-content\/uploads\/2022\/08\/220817-Marcha-CAPACH-1024x683.jpg?ssl=1&w=320&resize=320&ssl=1 320w, https:\/\/i2.wp.com\/interaccionnoticias.com.mx\/wp-content\/uploads\/2022\/08\/220817-Marcha-CAPACH-1024x683.jpg?ssl=1&w=500&resize=500&ssl=1 500w, https:\/\/i2.wp.com\/interaccionnoticias.com.mx\/wp-content\/uploads\/2022\/08\/220817-Marcha-CAPACH-1024x683.jpg?ssl=1&w=640&resize=640&ssl=1 640w, https:\/\/i2.wp.com\/interaccionnoticias.com.mx\/wp-content\/uploads\/2022\/08\/220817-Marcha-CAPACH-1024x683.jpg?ssl=1&w=800&resize=800&ssl=1 800w, https:\/\/i2.wp.com\/interaccionnoticias.com.mx\/wp-content\/uploads\/2022\/08\/220817-Marcha-CAPACH-1024x683.jpg?ssl=1&w=1024&resize=1024&ssl=1 1024w, https:\/\/i2.wp.com\/interaccionnoticias.com.mx\/wp-content\/uploads\/2022\/08\/220817-Marcha-CAPACH-1024x683.jpg?ssl=1&w=1280&resize=1280&ssl=1 1280w, https:\/\/i2.wp.com\/interaccionnoticias.com.mx\/wp-content\/uploads\/2022\/08\/220817-Marcha-CAPACH-1024x683.jpg?ssl=1&w=1600&resize=1600&ssl=1 1600w\" fifu-data-src=\"https:\/\/i2.wp.com\/interaccionnoticias.com.mx\/wp-content\/uploads\/2022\/08\/220817-Marcha-CAPACH-1024x683.jpg?ssl=1\" alt=\"\" class=\"wp-image-49239\"\/><\/figure>\n","protected":false},"excerpt":{"rendered":"<p>&#8212; Advierten que radicalizaran protestas de ser necesario Jes\u00fas Dorantes Chilpancingo, Gro.- Trabajadores de la Secci\u00f3n XXXII de la Comisi\u00f3n de Agua Potable y Alcantarillado de Chilpancingo (CAPACH) marcharon en&hellip; <\/p>\n","protected":false},"author":8,"featured_media":49238,"comment_status":"open","ping_status":"open","sticky":false,"template":"","format":"standard","meta":{"fifu_image_url":"","fifu_image_alt":"","footnotes":""},"categories":[13],"tags":[],"class_list":["post-49237","post","type-post","status-publish","format-standard","has-post-thumbnail","hentry","category-capital"],"_links":{"self":[{"href":"https:\/\/www.interaccionnoticias.com.mx\/index.php?rest_route=\/wp\/v2\/posts\/49237","targetHints":{"allow":["GET"]}}],"collection":[{"href":"https:\/\/www.interaccionnoticias.com.mx\/index.php?rest_route=\/wp\/v2\/posts"}],"about":[{"href":"https:\/\/www.interaccionnoticias.com.mx\/index.php?rest_route=\/wp\/v2\/types\/post"}],"author":[{"embeddable":true,"href":"https:\/\/www.interaccionnoticias.com.mx\/index.php?rest_route=\/wp\/v2\/users\/8"}],"replies":[{"embeddable":true,"href":"https:\/\/www.interaccionnoticias.com.mx\/index.php?rest_route=%2Fwp%2Fv2%2Fcomments&post=49237"}],"version-history":[{"count":1,"href":"https:\/\/www.interaccionnoticias.com.mx\/index.php?rest_route=\/wp\/v2\/posts\/49237\/revisions"}],"predecessor-version":[{"id":49240,"href":"https:\/\/www.interaccionnoticias.com.mx\/index.php?rest_route=\/wp\/v2\/posts\/49237\/revisions\/49240"}],"wp:featuredmedia":[{"embeddable":true,"href":"https:\/\/www.interaccionnoticias.com.mx\/index.php?rest_route=\/wp\/v2\/media\/49238"}],"wp:attachment":[{"href":"https:\/\/www.interaccionnoticias.com.mx\/index.php?rest_route=%2Fwp%2Fv2%2Fmedia&parent=49237"}],"wp:term":[{"taxonomy":"category","embeddable":true,"href":"https:\/\/www.interaccionnoticias.com.mx\/index.php?rest_route=%2Fwp%2Fv2%2Fcategories&post=49237"},{"taxonomy":"post_tag","embeddable":true,"href":"https:\/\/www.interaccionnoticias.com.mx\/index.php?rest_route=%2Fwp%2Fv2%2Ftags&post=49237"}],"curies":[{"name":"wp","href":"https:\/\/api.w.org\/{rel}","templated":true}]}}