{"id":49199,"date":"2022-08-16T17:36:43","date_gmt":"2022-08-16T22:36:43","guid":{"rendered":"https:\/\/interaccionnoticias.com.mx\/?p=49199"},"modified":"2022-08-16T17:36:48","modified_gmt":"2022-08-16T22:36:48","slug":"tomo-protesta-el-nuevo-coordinador-estatal-de-la-guardia-nacional-gn-en-guerrero","status":"publish","type":"post","link":"https:\/\/www.interaccionnoticias.com.mx\/?p=49199","title":{"rendered":"Tomo protesta el nuevo coordinador estatal de la Guardia Nacional (GN) en Guerrero"},"content":{"rendered":"\n<p><strong><em>&#8212; Tiene estudios en antiterrorismo, se\u00f1ala dicha curricular<\/em><\/strong><\/p>\n\n\n\n<p><strong>Jes\u00fas Dorantes<\/strong><\/p>\n\n\n\n<p>Chilpancingo, Gro.- El comisario Andr\u00e9s Ram\u00edrez Xochicali rindi\u00f3 protesta como nuevo coordinador estatal de la Guardia Nacional (GN), quien se indic\u00f3, es originario de Puebla y cuenta con estudios especializados en antiterrorismo y guerra.<\/p>\n\n\n\n<p>La ma\u00f1ana del martes, en las instalaciones del cuartel de la Guardia Nacional (GN), ubicado en la salida sur de la cabecera municipal de Chilpancingo, se concentraron autoridades de los tres niveles de gobierno para tomar parte de la ceremonia de recepci\u00f3n del nuevo funcionario.<\/p>\n\n\n\n<p>Estuvo el Secretario General de Gobierno, Ludwig Marcial Reynoso N\u00fa\u00f1ez; el titular de la Secretar\u00eda de Seguridad P\u00fablica (SSP), Evelio M\u00e9ndez G\u00f3mez; el presidente del Tribunal de Justicia (TSJ), Raymundo Casarrubias V\u00e1zquez y la titular de la Fiscal\u00eda General del Estado (FGE) Sandra Luz Valdovinos Salmer\u00f3n, as\u00ed como el delegado federal de la Secretar\u00eda de Bienestar en Guerrero, Iv\u00e1n Hern\u00e1ndez D\u00edaz.<\/p>\n\n\n\n<p>Pasadas las 10:00 horas, inici\u00f3 el acto protocolario de toma de protesta de el nuevo coordinador de la GN, Andr\u00e9s Ram\u00edrez Xochicali, quien fue presentado frente a las tropas que se encuentran destacamentadas en la Regi\u00f3n Centro.<\/p>\n\n\n\n<p>El cambio de coordinador se da a cinco meses de que fuera prestando su antecesor, Marcos Burgos Legorreta, que el pasado 27 de abril hab\u00eda rendido protesta en ese mismo lugar.<\/p>\n\n\n\n<p>Se inform\u00f3 que el mando de la GN tiene estudios en combate al terrorismo y guerra, por lo que est\u00e1 calificado para hacer frente a contingencias de alto impacto.<br>No hubo entrevista con los medios de comunicaci\u00f3n.<br><\/p>\n","protected":false},"excerpt":{"rendered":"<p>&#8212; Tiene estudios en antiterrorismo, se\u00f1ala dicha curricular Jes\u00fas Dorantes Chilpancingo, Gro.- El comisario Andr\u00e9s Ram\u00edrez Xochicali rindi\u00f3 protesta como nuevo coordinador estatal de la Guardia Nacional (GN), quien se&hellip; <\/p>\n","protected":false},"author":8,"featured_media":49200,"comment_status":"open","ping_status":"open","sticky":false,"template":"","format":"standard","meta":{"fifu_image_url":"","fifu_image_alt":"","footnotes":""},"categories":[11],"tags":[],"class_list":["post-49199","post","type-post","status-publish","format-standard","has-post-thumbnail","hentry","category-guerrero"],"_links":{"self":[{"href":"https:\/\/www.interaccionnoticias.com.mx\/index.php?rest_route=\/wp\/v2\/posts\/49199","targetHints":{"allow":["GET"]}}],"collection":[{"href":"https:\/\/www.interaccionnoticias.com.mx\/index.php?rest_route=\/wp\/v2\/posts"}],"about":[{"href":"https:\/\/www.interaccionnoticias.com.mx\/index.php?rest_route=\/wp\/v2\/types\/post"}],"author":[{"embeddable":true,"href":"https:\/\/www.interaccionnoticias.com.mx\/index.php?rest_route=\/wp\/v2\/users\/8"}],"replies":[{"embeddable":true,"href":"https:\/\/www.interaccionnoticias.com.mx\/index.php?rest_route=%2Fwp%2Fv2%2Fcomments&post=49199"}],"version-history":[{"count":1,"href":"https:\/\/www.interaccionnoticias.com.mx\/index.php?rest_route=\/wp\/v2\/posts\/49199\/revisions"}],"predecessor-version":[{"id":49201,"href":"https:\/\/www.interaccionnoticias.com.mx\/index.php?rest_route=\/wp\/v2\/posts\/49199\/revisions\/49201"}],"wp:featuredmedia":[{"embeddable":true,"href":"https:\/\/www.interaccionnoticias.com.mx\/index.php?rest_route=\/wp\/v2\/media\/49200"}],"wp:attachment":[{"href":"https:\/\/www.interaccionnoticias.com.mx\/index.php?rest_route=%2Fwp%2Fv2%2Fmedia&parent=49199"}],"wp:term":[{"taxonomy":"category","embeddable":true,"href":"https:\/\/www.interaccionnoticias.com.mx\/index.php?rest_route=%2Fwp%2Fv2%2Fcategories&post=49199"},{"taxonomy":"post_tag","embeddable":true,"href":"https:\/\/www.interaccionnoticias.com.mx\/index.php?rest_route=%2Fwp%2Fv2%2Ftags&post=49199"}],"curies":[{"name":"wp","href":"https:\/\/api.w.org\/{rel}","templated":true}]}}