{"id":49193,"date":"2022-08-16T14:49:48","date_gmt":"2022-08-16T19:49:48","guid":{"rendered":"https:\/\/interaccionnoticias.com.mx\/?p=49193"},"modified":"2022-08-16T14:49:53","modified_gmt":"2022-08-16T19:49:53","slug":"fge-obtiene-vinculacion-a-proceso-en-contra-de-bruno-placido","status":"publish","type":"post","link":"https:\/\/www.interaccionnoticias.com.mx\/?p=49193","title":{"rendered":"FGE obtiene vinculaci\u00f3n a proceso en contra de Bruno Pl\u00e1cido"},"content":{"rendered":"\n<p>&#8212; Por el delito de Robo Agravado en Tlapa de Comonfort<br>&#8212; \u201cLas comunidades van a responder\u201d, advierte Bruno Pl\u00e1cido<\/p>\n\n\n\n<p>Jes\u00fas Dorantes<\/p>\n\n\n\n<p>La Fiscal\u00eda General del Estado (FGE) inform\u00f3 que ha logrado reunir los elementos necesarios para la vinculaci\u00f3n a proceso del dirigente de la UPOEG, Bruno Pl\u00e1cido Valerio, quien actualmente se encuentra en libertad.<\/p>\n\n\n\n<p>La tarde del martes 16 de agosto, justo una semana despu\u00e9s de la captura del dirigente de la Uni\u00f3n de Pueblos, la Fiscal\u00eda de Guerrero emiti\u00f3 un comunicado en el que hace referencia al caso, para se\u00f1alar que \u201ca trav\u00e9s de labores de investigaci\u00f3n e inteligencia correspondientes, obtuvo datos de prueba, por lo que el Juez Mixto de Primera Instancia, dictamin\u00f3 Auto de Formal Prisi\u00f3n en contra de Bruno \u201cN\u201d, por el delito de Robo Agravado, en perjuicio de Dionisio \u201cN\u201d por los hechos ocurridos en Tlapa de Comonfort en el a\u00f1o de 2016\u201d.<\/p>\n\n\n\n<p>El comunicado es escueto, cierra de la siguiente manera: \u201cLa FGE es garante de legalidad y compromiso en materia de investigaci\u00f3n, a fin de presentar a las instancias judiciales a los responsables de diversos delitos\u201d.<\/p>\n\n\n\n<p>La semana pasada, a 17 horas de su captura en Chilpancingo, Pl\u00e1cido Valerio sali\u00f3 del penal de Tlapa de Comonfort, donde era reclamado por el Juez Mixto, tras pagar una fianza de 28 mil pesos por el delito de robo clasificado, ya que la causa penal por da\u00f1os hab\u00eda prescrito.<\/p>\n\n\n\n<p>En una conferencia en el puerto de Acapulco, la titular de la FGE, Sandra Luz Valdovinos Salmer\u00f3n neg\u00f3 que exista una persecuci\u00f3n pol\u00edtica en contra del tambi\u00e9n fundador de la Polic\u00eda Comunitaria de San Luis Acatl\u00e1n, pero se\u00f1al\u00f3 que hab\u00eda una orden judicial abierta en su contra.<\/p>\n\n\n\n<p>La ma\u00f1ana del martes 16 de agosto, el dirigente de la Uni\u00f3n de Pueblos, Bruno Pl\u00e1cido puso en marcha un plan de acci\u00f3n que involucra la toma de cuatro agencias del Ministerio P\u00fablico, de las que entrada la tarde ya se hab\u00eda concretado en dos.<\/p>\n\n\n\n<p>Al momento en que la FGE emiti\u00f3 su comunicado, Pl\u00e1cido Valerio dijo que se encontraba recorriendo la Costa Chica para invitar a dialogar a la titular de la FGE.<\/p>\n\n\n\n<p>Anticip\u00f3 que en caso de que lo aborde personal de la Polic\u00eda Ministerial, como sucedi\u00f3 hace una semana, no opondr\u00e1 resistencia, aunque tambi\u00e9n aclar\u00f3 que ya las comunidades se encuentran movilizadas.<\/p>\n\n\n\n<p>\u201cEso es consecuencia de no conocer al estado y sus pueblos originarios, yo estoy dispuesto a ser sancionado si me demuestran los delitos que me imputan, pero ya las comunidades est\u00e1n organizadas y van a responder\u201d, advirti\u00f3\u201d.<br><\/p>\n","protected":false},"excerpt":{"rendered":"<p>&#8212; Por el delito de Robo Agravado en Tlapa de Comonfort&#8212; \u201cLas comunidades van a responder\u201d, advierte Bruno Pl\u00e1cido Jes\u00fas Dorantes La Fiscal\u00eda General del Estado (FGE) inform\u00f3 que ha&hellip; <\/p>\n","protected":false},"author":8,"featured_media":49194,"comment_status":"open","ping_status":"open","sticky":false,"template":"","format":"standard","meta":{"fifu_image_url":"","fifu_image_alt":"","footnotes":""},"categories":[27],"tags":[],"class_list":["post-49193","post","type-post","status-publish","format-standard","has-post-thumbnail","hentry","category-seguridad-publica"],"_links":{"self":[{"href":"https:\/\/www.interaccionnoticias.com.mx\/index.php?rest_route=\/wp\/v2\/posts\/49193","targetHints":{"allow":["GET"]}}],"collection":[{"href":"https:\/\/www.interaccionnoticias.com.mx\/index.php?rest_route=\/wp\/v2\/posts"}],"about":[{"href":"https:\/\/www.interaccionnoticias.com.mx\/index.php?rest_route=\/wp\/v2\/types\/post"}],"author":[{"embeddable":true,"href":"https:\/\/www.interaccionnoticias.com.mx\/index.php?rest_route=\/wp\/v2\/users\/8"}],"replies":[{"embeddable":true,"href":"https:\/\/www.interaccionnoticias.com.mx\/index.php?rest_route=%2Fwp%2Fv2%2Fcomments&post=49193"}],"version-history":[{"count":1,"href":"https:\/\/www.interaccionnoticias.com.mx\/index.php?rest_route=\/wp\/v2\/posts\/49193\/revisions"}],"predecessor-version":[{"id":49195,"href":"https:\/\/www.interaccionnoticias.com.mx\/index.php?rest_route=\/wp\/v2\/posts\/49193\/revisions\/49195"}],"wp:featuredmedia":[{"embeddable":true,"href":"https:\/\/www.interaccionnoticias.com.mx\/index.php?rest_route=\/wp\/v2\/media\/49194"}],"wp:attachment":[{"href":"https:\/\/www.interaccionnoticias.com.mx\/index.php?rest_route=%2Fwp%2Fv2%2Fmedia&parent=49193"}],"wp:term":[{"taxonomy":"category","embeddable":true,"href":"https:\/\/www.interaccionnoticias.com.mx\/index.php?rest_route=%2Fwp%2Fv2%2Fcategories&post=49193"},{"taxonomy":"post_tag","embeddable":true,"href":"https:\/\/www.interaccionnoticias.com.mx\/index.php?rest_route=%2Fwp%2Fv2%2Ftags&post=49193"}],"curies":[{"name":"wp","href":"https:\/\/api.w.org\/{rel}","templated":true}]}}