{"id":4919,"date":"2017-06-02T12:59:15","date_gmt":"2017-06-02T17:59:15","guid":{"rendered":"http:\/\/www.inter-accion.com.mx\/?p=4919"},"modified":"2017-06-02T12:59:15","modified_gmt":"2017-06-02T17:59:15","slug":"en-coyuca-de-catalan-matan-al-director-del-cereso-de-la-union","status":"publish","type":"post","link":"https:\/\/www.interaccionnoticias.com.mx\/?p=4919","title":{"rendered":"En Coyuca de Catal\u00e1n, matan al director del Cereso de La Uni\u00f3n"},"content":{"rendered":"<p><strong>Implementan operativo de resguardo para su familia<\/strong><br \/>\nLa ma\u00f1ana del viernes, desconocidos sustrajeron de su domicilio, en Coyuca de Catal\u00e1n a Mois\u00e9s Chop\u00edn Mesa, director del Centro de Readaptaci\u00f3n &nbsp;Social (Cereso) de la Uni\u00f3n y posteriormente lo asesinaron.<br \/>\nRoberto Alvarez Heredia, vocero oficial del Grupo de Coordinaci\u00f3n Guerrero (GCG) inform\u00f3 que alrededor de las 05:00 horas del viernes 2 de junio, un grupo de tres hombres armados y cubiertos del rostro irrumpieron en el domicilio de Chip\u00edn Meza, hasta hoy director del Penal de La Union.<br \/>\nDe acuerdo con un reporte de la Fiscal\u00eda General del Estado (FGE), el funcionario fue golpeado y sometido frente a su familia, despu\u00e9s llevado por la fuerza con rumbo desconocido.<br \/>\nEn el transcurso de la ma\u00f1ana, personal de la Polic\u00eda del Estado y de la Polic\u00eda Ministerial confirmaron que en la comunidad &nbsp;de Jaripo, tambi\u00e9n perteneciente al citado municipio se encontr\u00f3 el cuerpo sin vida de un hombre de aproximados 50 a\u00f1os de edad, cuyas caracter\u00edsticas coincid\u00edan con las del funcionario levantado horas antes.<br \/>\nTras verificar el asesinato, la FGE a trav\u00e9s de su polic\u00eda ministerial implement\u00f3 un operativo para resguardar el domicilio del agraviado.<br \/>\nEl Jaripo se encuentra aproximadamente a 20 minutos de la cabecera municipal, cerca de Santa B\u00e1rbara, en sus inmediaciones hay un operativo de b\u00fasqueda para tratar de encontrar a los responsables.<br \/>\nEl domicilio de la v\u00edctima se ubica en Coyuca de Catal\u00e1n, municipio ubicado en la Tierra Caliente, pero el Cereso de la Uni\u00f3n, lugar en el que trabajaba est\u00e1 considerado dentro de la regi\u00f3n&nbsp;Costa Grande, casi en el l\u00edmite con el estado de Michoac\u00e1n.<\/p>\n","protected":false},"excerpt":{"rendered":"<p>Implementan operativo de resguardo para su familia La ma\u00f1ana del viernes, desconocidos sustrajeron de su domicilio, en Coyuca de Catal\u00e1n a Mois\u00e9s Chop\u00edn Mesa, director del Centro de Readaptaci\u00f3n &nbsp;Social&hellip; <\/p>\n","protected":false},"author":1,"featured_media":0,"comment_status":"closed","ping_status":"closed","sticky":false,"template":"","format":"standard","meta":{"fifu_image_url":"","fifu_image_alt":"","footnotes":""},"categories":[8,27],"tags":[],"class_list":["post-4919","post","type-post","status-publish","format-standard","hentry","category-featured","category-seguridad-publica"],"_links":{"self":[{"href":"https:\/\/www.interaccionnoticias.com.mx\/index.php?rest_route=\/wp\/v2\/posts\/4919","targetHints":{"allow":["GET"]}}],"collection":[{"href":"https:\/\/www.interaccionnoticias.com.mx\/index.php?rest_route=\/wp\/v2\/posts"}],"about":[{"href":"https:\/\/www.interaccionnoticias.com.mx\/index.php?rest_route=\/wp\/v2\/types\/post"}],"author":[{"embeddable":true,"href":"https:\/\/www.interaccionnoticias.com.mx\/index.php?rest_route=\/wp\/v2\/users\/1"}],"replies":[{"embeddable":true,"href":"https:\/\/www.interaccionnoticias.com.mx\/index.php?rest_route=%2Fwp%2Fv2%2Fcomments&post=4919"}],"version-history":[{"count":0,"href":"https:\/\/www.interaccionnoticias.com.mx\/index.php?rest_route=\/wp\/v2\/posts\/4919\/revisions"}],"wp:attachment":[{"href":"https:\/\/www.interaccionnoticias.com.mx\/index.php?rest_route=%2Fwp%2Fv2%2Fmedia&parent=4919"}],"wp:term":[{"taxonomy":"category","embeddable":true,"href":"https:\/\/www.interaccionnoticias.com.mx\/index.php?rest_route=%2Fwp%2Fv2%2Fcategories&post=4919"},{"taxonomy":"post_tag","embeddable":true,"href":"https:\/\/www.interaccionnoticias.com.mx\/index.php?rest_route=%2Fwp%2Fv2%2Ftags&post=4919"}],"curies":[{"name":"wp","href":"https:\/\/api.w.org\/{rel}","templated":true}]}}