{"id":49172,"date":"2022-08-15T19:55:40","date_gmt":"2022-08-16T00:55:40","guid":{"rendered":"https:\/\/interaccionnoticias.com.mx\/?p=49172"},"modified":"2022-08-15T19:55:45","modified_gmt":"2022-08-16T00:55:45","slug":"hay-resistencia-para-relevar-al-coordinador-de-morena-y-presidente-de-la-jucopo-en-el-congreso-de-guerrero","status":"publish","type":"post","link":"https:\/\/www.interaccionnoticias.com.mx\/?p=49172","title":{"rendered":"Hay resistencia para relevar al coordinador de Morena y presidente de la Jucopo, en el Congreso de Guerrero"},"content":{"rendered":"\n<p><strong><em>&#8212; Por separado, Yoloczin Dom\u00ednguez y Jacinto Gonz\u00e1lez invocan el acuerdo de que el cambio se realizar\u00eda cada a\u00f1o<\/em><\/strong><\/p>\n\n\n\n<p><strong>Rogelio Agust\u00edn<\/strong><\/p>\n\n\n\n<p>A dos semanas de que termine el primer a\u00f1o de ejercicio constitucional en la 63 Legislatura local, los 22 diputados de Morena dialogan sobre la posibilidad de relevar a su coordinador Alfredo S\u00e1nchez Esquivel, lo que implica tambi\u00e9n cambiar al presidente de la Junta de Coordinaci\u00f3n Pol\u00edtica.<\/p>\n\n\n\n<p>Por separado, Yoloczin Dom\u00ednguez Serna y Jacinto Gonz\u00e1lez Varona, ambos integrantes de la bancada de Morena, recordaron que existe un acuerdo, que va en el sentido de que cada a\u00f1o, se debe cambiar al coordinador de fracci\u00f3n y en consecuencia, al l\u00edder de la Jucopo.<\/p>\n\n\n\n<p>La intenci\u00f3n de los diputados, es que haya la oportunidad para que los nuevos cuadros puedan demostrar que tienen la capacidad de encabezar los trabajos del Poder Legislativo.<\/p>\n\n\n\n<p>\u201cEl acuerdo que se tiene es de un a\u00f1o, es un acuerdo que deriva de una platica que tuvimos como fracci\u00f3n y que se remonta incluso a la legislatura pasada, en la que tuvimos hasta cuatro coordinadores\u201d, se\u00f1al\u00f3 la diputada Dom\u00ednguez Serna.<\/p>\n\n\n\n<p>Explic\u00f3: \u201cDe lo que se trata es de dar la oportunidad a los dem\u00e1s compa\u00f1eros, todos tenemos la capacidad y tenemos que dar la oportunidad para esos relevos generacionales\u201d.<\/p>\n\n\n\n<p>Reconoci\u00f3 que en estos momentos, hay resistencia en el actual coordinador de fracci\u00f3n y presidente de la Jucopo, Alfredo S\u00e1nchez Esquivel por mantenerse en el cargo.<\/p>\n\n\n\n<p>La legisladora originaria de Acapulco, dijo que cualquiera de los integrantes de la bancada morenista tienen la capacidad de coordinar, pero hasta el momento no se tiene una definici\u00f3n, por eso es que las pl\u00e1ticas se mantienen desde hace ya varias semanas.<\/p>\n\n\n\n<p>Sobre el mismo tema, Jacinto Gonz\u00e1lez, quien el fin de semana pasado solicit\u00f3 su reincorporaci\u00f3n al Congreso local, dijo que efectivamente, hay un acuerdo al seno de Morena en el sentido de cambiar al coordinador, \u201cpor salud pol\u00edtica, incluso hasta mental\u201d.<\/p>\n\n\n\n<p>Manifest\u00f3 que se entiende que en ocasiones, suele haber legisladores que se olvidan de los acuerdos y pretenden perpetuarse en el poder lo que dure el periodo constitucional, lo que motiva que haya un dialogo constante.<\/p>\n\n\n\n<p>\u201cEstamos consientes, en pol\u00edtica la situaci\u00f3n es cambiante y tenemos que irnos adecuando, puede que se cumpla o puede que no, eso lo vamos a discutir al seno de la bancada\u201d, anot\u00f3.<\/p>\n\n\n\n<p>Reconoci\u00f3 tambi\u00e9n que la discusi\u00f3n puede ser poco tersa, ya que hay voces de cambio y tambi\u00e9n voces que se resisten.<\/p>\n","protected":false},"excerpt":{"rendered":"<p>&#8212; Por separado, Yoloczin Dom\u00ednguez y Jacinto Gonz\u00e1lez invocan el acuerdo de que el cambio se realizar\u00eda cada a\u00f1o Rogelio Agust\u00edn A dos semanas de que termine el primer a\u00f1o&hellip; <\/p>\n","protected":false},"author":21,"featured_media":49173,"comment_status":"open","ping_status":"open","sticky":false,"template":"","format":"standard","meta":{"fifu_image_url":"","fifu_image_alt":"","footnotes":""},"categories":[2],"tags":[],"class_list":["post-49172","post","type-post","status-publish","format-standard","has-post-thumbnail","hentry","category-congreso"],"_links":{"self":[{"href":"https:\/\/www.interaccionnoticias.com.mx\/index.php?rest_route=\/wp\/v2\/posts\/49172","targetHints":{"allow":["GET"]}}],"collection":[{"href":"https:\/\/www.interaccionnoticias.com.mx\/index.php?rest_route=\/wp\/v2\/posts"}],"about":[{"href":"https:\/\/www.interaccionnoticias.com.mx\/index.php?rest_route=\/wp\/v2\/types\/post"}],"author":[{"embeddable":true,"href":"https:\/\/www.interaccionnoticias.com.mx\/index.php?rest_route=\/wp\/v2\/users\/21"}],"replies":[{"embeddable":true,"href":"https:\/\/www.interaccionnoticias.com.mx\/index.php?rest_route=%2Fwp%2Fv2%2Fcomments&post=49172"}],"version-history":[{"count":1,"href":"https:\/\/www.interaccionnoticias.com.mx\/index.php?rest_route=\/wp\/v2\/posts\/49172\/revisions"}],"predecessor-version":[{"id":49174,"href":"https:\/\/www.interaccionnoticias.com.mx\/index.php?rest_route=\/wp\/v2\/posts\/49172\/revisions\/49174"}],"wp:featuredmedia":[{"embeddable":true,"href":"https:\/\/www.interaccionnoticias.com.mx\/index.php?rest_route=\/wp\/v2\/media\/49173"}],"wp:attachment":[{"href":"https:\/\/www.interaccionnoticias.com.mx\/index.php?rest_route=%2Fwp%2Fv2%2Fmedia&parent=49172"}],"wp:term":[{"taxonomy":"category","embeddable":true,"href":"https:\/\/www.interaccionnoticias.com.mx\/index.php?rest_route=%2Fwp%2Fv2%2Fcategories&post=49172"},{"taxonomy":"post_tag","embeddable":true,"href":"https:\/\/www.interaccionnoticias.com.mx\/index.php?rest_route=%2Fwp%2Fv2%2Ftags&post=49172"}],"curies":[{"name":"wp","href":"https:\/\/api.w.org\/{rel}","templated":true}]}}