{"id":49125,"date":"2022-08-15T11:04:52","date_gmt":"2022-08-15T16:04:52","guid":{"rendered":"https:\/\/interaccionnoticias.com.mx\/?p=49125"},"modified":"2022-08-15T11:04:57","modified_gmt":"2022-08-15T16:04:57","slug":"al-regresar-al-congreso-jacinto-gonzalez-se-baja-de-la-contienda-por-la-dirigencia-estatal-de-morena","status":"publish","type":"post","link":"https:\/\/www.interaccionnoticias.com.mx\/?p=49125","title":{"rendered":"Al regresar al Congreso, Jacinto Gonz\u00e1lez se baja de la contienda por la dirigencia estatal de Morena"},"content":{"rendered":"\n<p>&#8212; Galdino Nava sostiene que los estatutos as\u00ed lo establecen<\/p>\n\n\n\n<p>Rogelio Agust\u00edn<\/p>\n\n\n\n<p>El consejero electo, Galdino Nava D\u00edaz sostuvo que al regresar a su cargo en el Congreso, el diputado local Jacinto Gonz\u00e1lez Varona se bajar\u00e1 de la elecci\u00f3n de dirigente estatal de Morena, porque los estatutos de dicho partido as\u00ed lo establecen.<\/p>\n\n\n\n<p>Nava D\u00edaz se dijo respetuoso de la decisi\u00f3n del diputado Gonz\u00e1lez Varona, en el sentido de dejar sin efecto la licencia presentada el pasado 20 de julio.<\/p>\n\n\n\n<p>En los hechos, dijo que Gonz\u00e1lez nuevamente est\u00e1 en funciones, pues el oficio entr\u00f3 al Congreso el pasado viernes 12 de agosto.<\/p>\n\n\n\n<p>\u201cCreo que las cosas se est\u00e1n arreglando, porque despu\u00e9s de que regresa como diputado ya no puede, con base a los estatutos, participar como presidente estatal de Morena\u201d, anot\u00f3.<\/p>\n\n\n\n<p>Dijo que el representante popular est\u00e1 en condiciones de ser congresista, pero no podr\u00eda inscribirse como candidato a presidir al Comit\u00e9 Ejecutivo Estatal (CEE).<\/p>\n\n\n\n<p>Bajo dicha circunstancia, refiri\u00f3 que lo lamentable en esta caso, es que \u201cse deja de lado a alguien que en verdad representa a la comunidad LGTB en Guerrero\u201d, que es el suplente Fernando Aguiero Garc\u00eda.<\/p>\n\n\n\n<p>Insisti\u00f3: \u201cFinalmente, que regrese al Congreso es una lectura que se puede dar de lo que pasa en Morena, pues los t\u00e9rminos son muy claros; para participar como presidente estatal de Morena no debe de estar e funciones, debe ser \u00fanicamente militante de Morena, al regresar al cargo, en autom\u00e1tico deja su aspiraci\u00f3n de ser dirigente de Morena en Guerrero\u201d.<\/p>\n\n\n\n<p>Aclar\u00f3 que no es el \u00fanico aspirante que se queda en la contienda interna, pues existen m\u00e1s militantes del partido que est\u00e1n en condiciones de aspirar leg\u00edtimamente y con posibilidades reales de disputar el cargo.<br><\/p>\n","protected":false},"excerpt":{"rendered":"<p>&#8212; Galdino Nava sostiene que los estatutos as\u00ed lo establecen Rogelio Agust\u00edn El consejero electo, Galdino Nava D\u00edaz sostuvo que al regresar a su cargo en el Congreso, el diputado&hellip; <\/p>\n","protected":false},"author":21,"featured_media":49126,"comment_status":"open","ping_status":"open","sticky":false,"template":"","format":"standard","meta":{"fifu_image_url":"","fifu_image_alt":"","footnotes":""},"categories":[18],"tags":[],"class_list":["post-49125","post","type-post","status-publish","format-standard","has-post-thumbnail","hentry","category-partidos-politicos"],"_links":{"self":[{"href":"https:\/\/www.interaccionnoticias.com.mx\/index.php?rest_route=\/wp\/v2\/posts\/49125","targetHints":{"allow":["GET"]}}],"collection":[{"href":"https:\/\/www.interaccionnoticias.com.mx\/index.php?rest_route=\/wp\/v2\/posts"}],"about":[{"href":"https:\/\/www.interaccionnoticias.com.mx\/index.php?rest_route=\/wp\/v2\/types\/post"}],"author":[{"embeddable":true,"href":"https:\/\/www.interaccionnoticias.com.mx\/index.php?rest_route=\/wp\/v2\/users\/21"}],"replies":[{"embeddable":true,"href":"https:\/\/www.interaccionnoticias.com.mx\/index.php?rest_route=%2Fwp%2Fv2%2Fcomments&post=49125"}],"version-history":[{"count":1,"href":"https:\/\/www.interaccionnoticias.com.mx\/index.php?rest_route=\/wp\/v2\/posts\/49125\/revisions"}],"predecessor-version":[{"id":49127,"href":"https:\/\/www.interaccionnoticias.com.mx\/index.php?rest_route=\/wp\/v2\/posts\/49125\/revisions\/49127"}],"wp:featuredmedia":[{"embeddable":true,"href":"https:\/\/www.interaccionnoticias.com.mx\/index.php?rest_route=\/wp\/v2\/media\/49126"}],"wp:attachment":[{"href":"https:\/\/www.interaccionnoticias.com.mx\/index.php?rest_route=%2Fwp%2Fv2%2Fmedia&parent=49125"}],"wp:term":[{"taxonomy":"category","embeddable":true,"href":"https:\/\/www.interaccionnoticias.com.mx\/index.php?rest_route=%2Fwp%2Fv2%2Fcategories&post=49125"},{"taxonomy":"post_tag","embeddable":true,"href":"https:\/\/www.interaccionnoticias.com.mx\/index.php?rest_route=%2Fwp%2Fv2%2Ftags&post=49125"}],"curies":[{"name":"wp","href":"https:\/\/api.w.org\/{rel}","templated":true}]}}