{"id":49118,"date":"2022-08-15T10:53:22","date_gmt":"2022-08-15T15:53:22","guid":{"rendered":"https:\/\/interaccionnoticias.com.mx\/?p=49118"},"modified":"2022-08-15T10:53:27","modified_gmt":"2022-08-15T15:53:27","slug":"ataques-armados-propician-despliegue-de-ejercito-guardia-nacional-y-la-policia-en-pueblos-de-chilapa","status":"publish","type":"post","link":"https:\/\/www.interaccionnoticias.com.mx\/?p=49118","title":{"rendered":"Ataques armados propician despliegue de Ej\u00e9rcito, Guardia Nacional y la Polic\u00eda en pueblos de Chilapa"},"content":{"rendered":"\n<p>&#8212; El fin de semana, habitantes de San Jer\u00f3nimo Palantla reportaron ataques armados de la CRAC-PF<\/p>\n\n\n\n<p>Rogelio Agust\u00edn<\/p>\n\n\n\n<p>El reporte de un ataque armado en contra de la comunidad de San Jer\u00f3nimo Palantla moviliz\u00f3 a personal de la Guardia Nacional (GN), la Polic\u00eda del Estado y del Ej\u00e9rcito Mexicano en dicho punto, ubicado en la zona rural de Chilapa, hasta el momento no se reporta la p\u00e9rdida de vidas humanas ni personas lesionadas.<\/p>\n\n\n\n<p>Clemencia Guevara Tejedor, dirigente del Frente de Defensa Popular (FDP) confirm\u00f3 que los ataques armados resurgieron durante la jornada del s\u00e1bado 13 de agosto, que los hombres armados se posicionaron desde la colonia Nuevo Amanecer y la comunidad de Xochitempa, por lo que se trata de un acto de amedrentamiento a distancia.<\/p>\n\n\n\n<p>Dijo que de inmediato se dio el reporte a las autoridades, la que despleg\u00f3 a personal de la Guardia Nacional, cuyos elementos realizaron una revisi\u00f3n en la zona pero que se retiraron durante la jornada del domingo.<\/p>\n\n\n\n<p>\u201cEl d\u00eda de ayer (domingo) lleg\u00f3 la Guardia Nacional pero se retiraron, hoy estamos haciendo los contactos necesarios para que la vigilancia se mantenga, porque los compa\u00f1eros no han querido responder a las provocaciones\u201d, anot\u00f3.<\/p>\n\n\n\n<p>Responsabiliz\u00f3 de los ataques a la Polic\u00eda Comunitaria fracci\u00f3n Pueblos Fundadores (CRAC-PF) y al Consejo Ind\u00edgena Popular del Estado de Guerrero (CIP\u00d4G) de las agresiones suscitadas durante el fon de semana, ya que indic\u00f3, el FDP y los habitantes de San Jer\u00f3nimo Palantla no han querido desistirse de las 64 \u00f3rdenes de aprehensi\u00f3n que derivan del asesinato de m\u00e1s de 20 personas, los que se han registrado de 2015 a la fecha.<\/p>\n\n\n\n<p>Sostuvo que hay m\u00e1s pueblos afectados por la CRAC-PF y el CIPOG, pero no han querido levantar la voz por miedo a represalias.<\/p>\n\n\n\n<p>Al respecto, el director general de Gobernaci\u00f3n Estatal, Francisco Rodr\u00edguez Cisneros confirm\u00f3 el reporte de las agresiones a balazos hechas el fin de semana.<\/p>\n\n\n\n<p>Dijo que a las inmediaciones de San Jer\u00f3nimo se trasladaron elementos de la GN, de la Polic\u00eda del Estado y del Ej\u00e9rcito, para efecto de inhibir que haya m\u00e1s agresiones entre los lugare\u00f1os.<\/p>\n\n\n\n<p>Precis\u00f3 que si la parte afectada no tiene a la vista a los cuerpos de seguridad, es porque no se mantienen est\u00e1ticos, si no que se realizan recorridos en los caminos aleda\u00f1os para inhibir la presencia de grupos de civiles armados.<\/p>\n\n\n\n<p>Rodr\u00edguez Cisneros asegur\u00f3 que la parte baja de la regi\u00f3n Monta\u00f1a ha sido de mucho conflicto durante los \u00faltimos a\u00f1os, pero indic\u00f3 que durante la presente administraci\u00f3n, se le ha dado la atenci\u00f3n correspondiente, tanto en el aspecto de seguridad como en los problemas sociales que ah\u00ed se enfrentan.<br><\/p>\n\n\n\n<figure class=\"wp-block-gallery columns-2 is-cropped wp-block-gallery-1 is-layout-flex wp-block-gallery-is-layout-flex\"><ul class=\"blocks-gallery-grid\"><li class=\"blocks-gallery-item\"><figure><img decoding=\"async\" src=\"data:image\/gif;base64,R0lGODlhAQABAIAAAAAAAP\/\/\/ywAAAAAAQABAAACAUwAOw==\" fifu-lazy=\"1\" fifu-data-sizes=\"auto\" fifu-data-srcset=\"https:\/\/i2.wp.com\/interaccionnoticias.com.mx\/wp-content\/uploads\/2022\/08\/Ataques-armados-1-1024x683.jpg?ssl=1&w=75&resize=75&ssl=1 75w, https:\/\/i2.wp.com\/interaccionnoticias.com.mx\/wp-content\/uploads\/2022\/08\/Ataques-armados-1-1024x683.jpg?ssl=1&w=100&resize=100&ssl=1 100w, https:\/\/i2.wp.com\/interaccionnoticias.com.mx\/wp-content\/uploads\/2022\/08\/Ataques-armados-1-1024x683.jpg?ssl=1&w=150&resize=150&ssl=1 150w, https:\/\/i2.wp.com\/interaccionnoticias.com.mx\/wp-content\/uploads\/2022\/08\/Ataques-armados-1-1024x683.jpg?ssl=1&w=240&resize=240&ssl=1 240w, https:\/\/i2.wp.com\/interaccionnoticias.com.mx\/wp-content\/uploads\/2022\/08\/Ataques-armados-1-1024x683.jpg?ssl=1&w=320&resize=320&ssl=1 320w, https:\/\/i2.wp.com\/interaccionnoticias.com.mx\/wp-content\/uploads\/2022\/08\/Ataques-armados-1-1024x683.jpg?ssl=1&w=500&resize=500&ssl=1 500w, https:\/\/i2.wp.com\/interaccionnoticias.com.mx\/wp-content\/uploads\/2022\/08\/Ataques-armados-1-1024x683.jpg?ssl=1&w=640&resize=640&ssl=1 640w, https:\/\/i2.wp.com\/interaccionnoticias.com.mx\/wp-content\/uploads\/2022\/08\/Ataques-armados-1-1024x683.jpg?ssl=1&w=800&resize=800&ssl=1 800w, https:\/\/i2.wp.com\/interaccionnoticias.com.mx\/wp-content\/uploads\/2022\/08\/Ataques-armados-1-1024x683.jpg?ssl=1&w=1024&resize=1024&ssl=1 1024w, https:\/\/i2.wp.com\/interaccionnoticias.com.mx\/wp-content\/uploads\/2022\/08\/Ataques-armados-1-1024x683.jpg?ssl=1&w=1280&resize=1280&ssl=1 1280w, https:\/\/i2.wp.com\/interaccionnoticias.com.mx\/wp-content\/uploads\/2022\/08\/Ataques-armados-1-1024x683.jpg?ssl=1&w=1600&resize=1600&ssl=1 1600w\" fifu-data-src=\"https:\/\/i2.wp.com\/interaccionnoticias.com.mx\/wp-content\/uploads\/2022\/08\/Ataques-armados-1-1024x683.jpg?ssl=1\" alt=\"\" data-id=\"49119\" data-full-url=\"https:\/\/interaccionnoticias.com.mx\/wp-content\/uploads\/2022\/08\/Ataques-armados-1.jpg\" data-link=\"https:\/\/interaccionnoticias.com.mx\/?attachment_id=49119\" class=\"wp-image-49119\"\/><\/figure><\/li><li class=\"blocks-gallery-item\"><figure><img decoding=\"async\" src=\"data:image\/gif;base64,R0lGODlhAQABAIAAAAAAAP\/\/\/ywAAAAAAQABAAACAUwAOw==\" fifu-lazy=\"1\" fifu-data-sizes=\"auto\" fifu-data-srcset=\"https:\/\/i2.wp.com\/interaccionnoticias.com.mx\/wp-content\/uploads\/2022\/08\/Ataques-armados-1024x683.jpg?ssl=1&w=75&resize=75&ssl=1 75w, https:\/\/i2.wp.com\/interaccionnoticias.com.mx\/wp-content\/uploads\/2022\/08\/Ataques-armados-1024x683.jpg?ssl=1&w=100&resize=100&ssl=1 100w, https:\/\/i2.wp.com\/interaccionnoticias.com.mx\/wp-content\/uploads\/2022\/08\/Ataques-armados-1024x683.jpg?ssl=1&w=150&resize=150&ssl=1 150w, https:\/\/i2.wp.com\/interaccionnoticias.com.mx\/wp-content\/uploads\/2022\/08\/Ataques-armados-1024x683.jpg?ssl=1&w=240&resize=240&ssl=1 240w, https:\/\/i2.wp.com\/interaccionnoticias.com.mx\/wp-content\/uploads\/2022\/08\/Ataques-armados-1024x683.jpg?ssl=1&w=320&resize=320&ssl=1 320w, https:\/\/i2.wp.com\/interaccionnoticias.com.mx\/wp-content\/uploads\/2022\/08\/Ataques-armados-1024x683.jpg?ssl=1&w=500&resize=500&ssl=1 500w, https:\/\/i2.wp.com\/interaccionnoticias.com.mx\/wp-content\/uploads\/2022\/08\/Ataques-armados-1024x683.jpg?ssl=1&w=640&resize=640&ssl=1 640w, https:\/\/i2.wp.com\/interaccionnoticias.com.mx\/wp-content\/uploads\/2022\/08\/Ataques-armados-1024x683.jpg?ssl=1&w=800&resize=800&ssl=1 800w, https:\/\/i2.wp.com\/interaccionnoticias.com.mx\/wp-content\/uploads\/2022\/08\/Ataques-armados-1024x683.jpg?ssl=1&w=1024&resize=1024&ssl=1 1024w, https:\/\/i2.wp.com\/interaccionnoticias.com.mx\/wp-content\/uploads\/2022\/08\/Ataques-armados-1024x683.jpg?ssl=1&w=1280&resize=1280&ssl=1 1280w, https:\/\/i2.wp.com\/interaccionnoticias.com.mx\/wp-content\/uploads\/2022\/08\/Ataques-armados-1024x683.jpg?ssl=1&w=1600&resize=1600&ssl=1 1600w\" fifu-data-src=\"https:\/\/i2.wp.com\/interaccionnoticias.com.mx\/wp-content\/uploads\/2022\/08\/Ataques-armados-1024x683.jpg?ssl=1\" alt=\"\" data-id=\"49120\" data-full-url=\"https:\/\/interaccionnoticias.com.mx\/wp-content\/uploads\/2022\/08\/Ataques-armados.jpg\" data-link=\"https:\/\/interaccionnoticias.com.mx\/?attachment_id=49120\" class=\"wp-image-49120\"\/><\/figure><\/li><\/ul><\/figure>\n","protected":false},"excerpt":{"rendered":"<p>&#8212; El fin de semana, habitantes de San Jer\u00f3nimo Palantla reportaron ataques armados de la CRAC-PF Rogelio Agust\u00edn El reporte de un ataque armado en contra de la comunidad de&hellip; <\/p>\n","protected":false},"author":21,"featured_media":49119,"comment_status":"open","ping_status":"open","sticky":false,"template":"","format":"standard","meta":{"fifu_image_url":"","fifu_image_alt":"","footnotes":""},"categories":[27],"tags":[],"class_list":["post-49118","post","type-post","status-publish","format-standard","has-post-thumbnail","hentry","category-seguridad-publica"],"_links":{"self":[{"href":"https:\/\/www.interaccionnoticias.com.mx\/index.php?rest_route=\/wp\/v2\/posts\/49118","targetHints":{"allow":["GET"]}}],"collection":[{"href":"https:\/\/www.interaccionnoticias.com.mx\/index.php?rest_route=\/wp\/v2\/posts"}],"about":[{"href":"https:\/\/www.interaccionnoticias.com.mx\/index.php?rest_route=\/wp\/v2\/types\/post"}],"author":[{"embeddable":true,"href":"https:\/\/www.interaccionnoticias.com.mx\/index.php?rest_route=\/wp\/v2\/users\/21"}],"replies":[{"embeddable":true,"href":"https:\/\/www.interaccionnoticias.com.mx\/index.php?rest_route=%2Fwp%2Fv2%2Fcomments&post=49118"}],"version-history":[{"count":1,"href":"https:\/\/www.interaccionnoticias.com.mx\/index.php?rest_route=\/wp\/v2\/posts\/49118\/revisions"}],"predecessor-version":[{"id":49121,"href":"https:\/\/www.interaccionnoticias.com.mx\/index.php?rest_route=\/wp\/v2\/posts\/49118\/revisions\/49121"}],"wp:featuredmedia":[{"embeddable":true,"href":"https:\/\/www.interaccionnoticias.com.mx\/index.php?rest_route=\/wp\/v2\/media\/49119"}],"wp:attachment":[{"href":"https:\/\/www.interaccionnoticias.com.mx\/index.php?rest_route=%2Fwp%2Fv2%2Fmedia&parent=49118"}],"wp:term":[{"taxonomy":"category","embeddable":true,"href":"https:\/\/www.interaccionnoticias.com.mx\/index.php?rest_route=%2Fwp%2Fv2%2Fcategories&post=49118"},{"taxonomy":"post_tag","embeddable":true,"href":"https:\/\/www.interaccionnoticias.com.mx\/index.php?rest_route=%2Fwp%2Fv2%2Ftags&post=49118"}],"curies":[{"name":"wp","href":"https:\/\/api.w.org\/{rel}","templated":true}]}}