{"id":49115,"date":"2022-08-15T10:46:37","date_gmt":"2022-08-15T15:46:37","guid":{"rendered":"https:\/\/interaccionnoticias.com.mx\/?p=49115"},"modified":"2022-08-15T10:46:41","modified_gmt":"2022-08-15T15:46:41","slug":"jacinto-gonzalez-pide-su-reincorporacion-al-congreso-queda-fuera-el-representante-de-la-comunidad-lgbt","status":"publish","type":"post","link":"https:\/\/www.interaccionnoticias.com.mx\/?p=49115","title":{"rendered":"Jacinto Gonz\u00e1lez pide su reincorporaci\u00f3n al Congreso, queda fuera el representante de la comunidad LGBT"},"content":{"rendered":"\n<p>&#8212; Solo es transitorio, mientras reanuda la elecci\u00f3n interna de Morena, justifica el representante popular<br>&#8212; Aclara que no se ha bajado de la aspiraci\u00f3n de ser dirigente estatal<\/p>\n\n\n\n<p>Rogelio Agust\u00edn<\/p>\n\n\n\n<p>El diputado local con licencia, Jacinto Gonz\u00e1lez Varona confirm\u00f3 su reincorporaci\u00f3n al cargo a partir de este lunes 15 de agosto, aunque aclar\u00f3 que eso no implica bajarse de la contienda por la elecci\u00f3n de dirigente estatal de Morena en Guerrero.<\/p>\n\n\n\n<p>Gonz\u00e1lez Varona inform\u00f3 que el pasado viernes 12 de agosto, present\u00f3 ante la Mesa Directiva que preside la priista Flor A\u00f1orve Ocampo, un oficio por el que solicita que se le reincorpore a la curul de la que se separ\u00f3 por la v\u00eda de la licencia el pasado 20 de julio.<\/p>\n\n\n\n<p>El 25 de julio, su suplente, Fernando Ag\u00fcero Garc\u00eda rindi\u00f3 la protesta de rigor como titular de la curul y posteriormente fue abanderado por la Comunidad LGBT, pues dicho espacio es producto de una acci\u00f3n afirmativa otorgada a dicho sector de la sociedad, a trav\u00e9s de la lista de representaci\u00f3n proporcional registrada por Morena.<\/p>\n\n\n\n<p>\u201cNo puedo andar por la vida sin hacer nada\u201d, justific\u00f3 Gonz\u00e1lez Varona, al recordar que existe un momento de incertidumbre respecto al proceso interno de Morena, en el que participa como aspirante a la presidencia del Comit\u00e9 Ejecutivo Estatal (CEE).<br>Indic\u00f3 que hay asuntos pendientes en la comisi\u00f3n que preside, que es la de Vigilancia de la Auditor\u00eda Superior del Estado, de los que se har\u00e1 cargo hasta en tanto los \u00f3rganos de direcci\u00f3n del partido deciden que es lo que pasa con la elecci\u00f3n interna de Morena.<\/p>\n\n\n\n<p>Reconoci\u00f3 que su suplente, Fernando Ag\u00fcero puede hacerse cargo de los trabajos ordinarios del Congreso, pero indic\u00f3 que en lo que se refiere a los pendientes de la Comisi\u00f3n de Vigilancia, tiene que atenderlos \u201cporque hay situaciones que deben de salir porque tienen t\u00e9rmino legal, entonces debemos estar completos en la Comisi\u00f3n de Vigilancia y Evaluaci\u00f3n\u201d.<\/p>\n\n\n\n<p>Dijo que el mismo d\u00eda tuvo la atenci\u00f3n de platicar con su suplente, con la certeza de que una vez que se reabra el proceso interno de Morena, volver\u00e1 a solicitar licencia para continuar con las actividades del partido.<\/p>\n\n\n\n<p>Indic\u00f3 que se est\u00e1 pendiente de la resoluci\u00f3n definitiva que la dirigencia nacional asuma respecto a la elecci\u00f3n de consejeros, particularmente por la suspensi\u00f3n en los distritos 08 y 09, con cabecera en Ayutla de los Libres y el puerto de Acapulco, respectivamente.<\/p>\n\n\n\n<p>De hecho, dijo que en cuanto a las impugnaciones generadas durante la elecci\u00f3n interna del 30 de julio, es muy probable que haya sorpresas, pues todav\u00eda se est\u00e1 en el proceso de elaboraci\u00f3n de los dict\u00e1menes: \u201cEs probable que haya alguna modificaci\u00f3n en los triunfos que ya se cantaron, si se llegase a comprobar las irregularidades que se se\u00f1alan, pues podr\u00edan modificarse las cifras\u201d.<\/p>\n\n\n\n<p>Neg\u00f3 que la reincorporaci\u00f3n al Congreso implique bajarse de la contienda por la dirigencia estatal: \u201cPara nada, estamos muy fortalecidos y solamente se trata de regresar a dejar bien en orden la Comisi\u00f3n de Vigilancia, entre otras cosas para reunirme con la encargada de la Auditoria Superior, por eso es que enviamos el documento y vamos a trabajar en la entrega de todos nuestros pendientes\u201d.<\/p>\n\n\n\n<p>De hecho, neg\u00f3 que haya faltado a su palabra, cuando dijo que ganara o perdiera la dirigencia de Morena, \u00e9l no regresar\u00eda al Congreso: \u201cTodav\u00eda no he ganado ni perdido, incluso todav\u00eda no podr\u00eda decirme consejero, pues hace falta la aprobaci\u00f3n de un dictamen y nos encontramos a la espera, tengo entendido que la mayor\u00eda estamos impugnados por los compa\u00f1eros que no alcanzaron en apoyo de la mayor\u00eda\u201d.<br><\/p>\n","protected":false},"excerpt":{"rendered":"<p>&#8212; Solo es transitorio, mientras reanuda la elecci\u00f3n interna de Morena, justifica el representante popular&#8212; Aclara que no se ha bajado de la aspiraci\u00f3n de ser dirigente estatal Rogelio Agust\u00edn&hellip; <\/p>\n","protected":false},"author":21,"featured_media":49116,"comment_status":"open","ping_status":"open","sticky":false,"template":"","format":"standard","meta":{"fifu_image_url":"","fifu_image_alt":"","footnotes":""},"categories":[2],"tags":[],"class_list":["post-49115","post","type-post","status-publish","format-standard","has-post-thumbnail","hentry","category-congreso"],"_links":{"self":[{"href":"https:\/\/www.interaccionnoticias.com.mx\/index.php?rest_route=\/wp\/v2\/posts\/49115","targetHints":{"allow":["GET"]}}],"collection":[{"href":"https:\/\/www.interaccionnoticias.com.mx\/index.php?rest_route=\/wp\/v2\/posts"}],"about":[{"href":"https:\/\/www.interaccionnoticias.com.mx\/index.php?rest_route=\/wp\/v2\/types\/post"}],"author":[{"embeddable":true,"href":"https:\/\/www.interaccionnoticias.com.mx\/index.php?rest_route=\/wp\/v2\/users\/21"}],"replies":[{"embeddable":true,"href":"https:\/\/www.interaccionnoticias.com.mx\/index.php?rest_route=%2Fwp%2Fv2%2Fcomments&post=49115"}],"version-history":[{"count":1,"href":"https:\/\/www.interaccionnoticias.com.mx\/index.php?rest_route=\/wp\/v2\/posts\/49115\/revisions"}],"predecessor-version":[{"id":49117,"href":"https:\/\/www.interaccionnoticias.com.mx\/index.php?rest_route=\/wp\/v2\/posts\/49115\/revisions\/49117"}],"wp:featuredmedia":[{"embeddable":true,"href":"https:\/\/www.interaccionnoticias.com.mx\/index.php?rest_route=\/wp\/v2\/media\/49116"}],"wp:attachment":[{"href":"https:\/\/www.interaccionnoticias.com.mx\/index.php?rest_route=%2Fwp%2Fv2%2Fmedia&parent=49115"}],"wp:term":[{"taxonomy":"category","embeddable":true,"href":"https:\/\/www.interaccionnoticias.com.mx\/index.php?rest_route=%2Fwp%2Fv2%2Fcategories&post=49115"},{"taxonomy":"post_tag","embeddable":true,"href":"https:\/\/www.interaccionnoticias.com.mx\/index.php?rest_route=%2Fwp%2Fv2%2Ftags&post=49115"}],"curies":[{"name":"wp","href":"https:\/\/api.w.org\/{rel}","templated":true}]}}