{"id":4902,"date":"2017-06-01T20:37:38","date_gmt":"2017-06-02T01:37:38","guid":{"rendered":"http:\/\/www.inter-accion.com.mx\/?p=4902"},"modified":"2017-06-01T20:37:38","modified_gmt":"2017-06-02T01:37:38","slug":"obispo-evade-opinar-sobre-declaraciones-del-fiscal-contra-diputado-saul-beltran","status":"publish","type":"post","link":"https:\/\/www.interaccionnoticias.com.mx\/?p=4902","title":{"rendered":"Obispo evade opinar sobre declaraciones del Fiscal contra diputado Sa\u00fal Beltr\u00e1n"},"content":{"rendered":"<p><strong>Chilpancingo, 01 de junio.-<\/strong> El obispo de la di\u00f3cesis de Chilpancingo-Chilapa, Salvador Rangel Mendoza se abstuvo de opinar acerca del video que protagoniz\u00f3 el fiscal general del estado, Javier Olea Pel\u00e1ez, en el cual acusa al diputado local priista Sa\u00fal Beltr\u00e1n Orozco, de ser el l\u00edder del grupo delincuencial de \u00abLos Tequileros\u00bb.<br \/>\nEste jueves, al ser cuestionado sobre esas declaraciones de Olea Pel\u00e1ez, Rangel Mendoza explic\u00f3 que ha insistido abiertamente acerca del grave problema de corrupci\u00f3n en la entidad, sin embargo, eso molesta la clase pol\u00edtica.<br \/>\n\u00abSe molestaron conmigo porque yo dec\u00eda que hab\u00eda corrupci\u00f3n aqu\u00ed en Guerrero, y precisamente este se\u00f1or Olea fue el que declar\u00f3 que en M\u00e9xico todos los funcionarios eran honrados\u00bb, precis\u00f3.<br \/>\n\u00bfSe puede hablar de complicidad entre el fiscal y Beltran Orozco? -pregunt\u00f3 un reportero- a lo cual el prelado de la iglesia cat\u00f3lica respondi\u00f3: \u00abNo le puedo decir, yo lo que dec\u00eda es que la corrupci\u00f3n donde quiera se da, siempre he dicho que para limpiar al enfermo, hay que reconocer primero la enfermedad\u00bb.<br \/>\nDesde su llegada al obispado de la di\u00f3cesis de Chilpancingo-Chilapa, Rangel Mendoza se ha caracterizado por promover el di\u00e1logo entre las autoridades de gobierno y los distintos grupos delincuenciales, para efecto de disminuir la violencia en la entidad.<br \/>\nEn relaci\u00f3n a esos di\u00e1logos, manifest\u00f3 que no se ha reunido con Los Tequileros, por ser un territorio que est\u00e1 fuera de su jurisdicci\u00f3n, pues la Di\u00f3cesis de Altamirano, est\u00e1 en manos de monse\u00f1or M\u00e1ximino Mart\u00ednez Miranda.<br \/>\n\u00abDebemos confiar en dios, en nosotros mismos y empoderarnos como sociedad civil, adem\u00e1s de apegarnos a la verdad\u00bb, recomend\u00f3 Rangel Mendoza a los feligreses.<br \/>\nEl video que circul\u00f3 este mi\u00e9rcoles en medios nacionales, fue grabado aproximadamente el 12 de mayo pasado, durante una reuni\u00f3n que sostuvo el fiscal general Javier Olea con pobladores de San Miguel Totolapan, en la que se\u00f1ala al diputado como un l\u00edder delincuencial, al cual no puede detener porque tiene fuero constitucional.<\/p>\n","protected":false},"excerpt":{"rendered":"<p>Chilpancingo, 01 de junio.- El obispo de la di\u00f3cesis de Chilpancingo-Chilapa, Salvador Rangel Mendoza se abstuvo de opinar acerca del video que protagoniz\u00f3 el fiscal general del estado, Javier Olea&hellip; <\/p>\n","protected":false},"author":1,"featured_media":0,"comment_status":"closed","ping_status":"closed","sticky":false,"template":"","format":"standard","meta":{"fifu_image_url":"","fifu_image_alt":"","footnotes":""},"categories":[8,18],"tags":[],"class_list":["post-4902","post","type-post","status-publish","format-standard","hentry","category-featured","category-partidos-politicos"],"_links":{"self":[{"href":"https:\/\/www.interaccionnoticias.com.mx\/index.php?rest_route=\/wp\/v2\/posts\/4902","targetHints":{"allow":["GET"]}}],"collection":[{"href":"https:\/\/www.interaccionnoticias.com.mx\/index.php?rest_route=\/wp\/v2\/posts"}],"about":[{"href":"https:\/\/www.interaccionnoticias.com.mx\/index.php?rest_route=\/wp\/v2\/types\/post"}],"author":[{"embeddable":true,"href":"https:\/\/www.interaccionnoticias.com.mx\/index.php?rest_route=\/wp\/v2\/users\/1"}],"replies":[{"embeddable":true,"href":"https:\/\/www.interaccionnoticias.com.mx\/index.php?rest_route=%2Fwp%2Fv2%2Fcomments&post=4902"}],"version-history":[{"count":0,"href":"https:\/\/www.interaccionnoticias.com.mx\/index.php?rest_route=\/wp\/v2\/posts\/4902\/revisions"}],"wp:attachment":[{"href":"https:\/\/www.interaccionnoticias.com.mx\/index.php?rest_route=%2Fwp%2Fv2%2Fmedia&parent=4902"}],"wp:term":[{"taxonomy":"category","embeddable":true,"href":"https:\/\/www.interaccionnoticias.com.mx\/index.php?rest_route=%2Fwp%2Fv2%2Fcategories&post=4902"},{"taxonomy":"post_tag","embeddable":true,"href":"https:\/\/www.interaccionnoticias.com.mx\/index.php?rest_route=%2Fwp%2Fv2%2Ftags&post=4902"}],"curies":[{"name":"wp","href":"https:\/\/api.w.org\/{rel}","templated":true}]}}