{"id":48947,"date":"2022-08-10T17:41:40","date_gmt":"2022-08-10T22:41:40","guid":{"rendered":"https:\/\/interaccionnoticias.com.mx\/?p=48947"},"modified":"2022-08-10T17:51:46","modified_gmt":"2022-08-10T22:51:46","slug":"ni-24-horas-estuvo-en-el-pena-de-tlapa-el-dirigente-de-la-upoeg-bruno-placido-valerio","status":"publish","type":"post","link":"https:\/\/www.interaccionnoticias.com.mx\/?p=48947","title":{"rendered":"Ni 24 horas, estuvo en el penal de Tlapa el dirigente de la UPOEG, Bruno Placido Valerio"},"content":{"rendered":"\n<p>&#8212; Pag\u00f3 una fianza de 28 mil pesos por el delito de robo, el de da\u00f1os hab\u00eda prescrito<br>&#8212; Anuncia que demandar\u00e1 a la FGE la reparaci\u00f3n del da\u00f1o moral<br>&#8212; \u201cNo me golpearon, si lo hubieran hecho, saliendo ajusto cuentas\u201d, presume<\/p>\n\n\n\n<p>Rogelio Agust\u00edn<\/p>\n\n\n\n<p>El dirigente de la Uni\u00f3n de Pueblos y Organizaciones del Estado de Guerrero (UPOEG), Bruno Placido Valerio no pas\u00f3 ni 24 horas en el penal de Tlapa de Comonfort, donde un juez mixto lo requer\u00eda para cumplimentar una orden de aprehensi\u00f3n por los delitos de robo clasificado y da\u00f1os.<\/p>\n\n\n\n<p>Fue aprehendido en Chilpancingo alrededor de las 16:30 horas del mi\u00e9rcoles 9 de agosto, antes de la media noche lleg\u00f3 al penal de Tlapa, ah\u00ed permaneci\u00f3 en una habitaci\u00f3n alejada de la poblaci\u00f3n carcelaria y para las 14:00 horas sal\u00eda del \u00e1rea de los juzgados, acompa\u00f1ado de dos varones, una mujer y su hija.<\/p>\n\n\n\n<p>En la entrevista con los medios, Bruno Placido se abstuvo de dar a conocer el monto de la fianza que pag\u00f3 por el delito de robo, pero se confirm\u00f3 que fueron 28 mil pesos lo que tuvo que depositar ante el juzgado.<\/p>\n\n\n\n<p>El delito de despojo ya hab\u00eda prescrito, pues como lo inform\u00f3 la Fiscal\u00eda General del Estado (FGE), la causa penal iniciada en contra del dirigente de la autodefensa, se remonta al a\u00f1o 2016.<\/p>\n\n\n\n<p>Al abandonar el penal, el dirigente de la Uni\u00f3n de Pueblos vest\u00eda la misma ropa con la que fue capturado; guayabera blanca, pantal\u00f3n de mezclilla azul y zapatos negros.<br>Se le not\u00f3 desgastado en su salud, pues desde hace varios a\u00f1os padece de diabetes y tambi\u00e9n es hipertenso.<\/p>\n\n\n\n<p>Me trataron como narco<\/p>\n\n\n\n<p>Respecto al momento de la captura, dijo que fue cuando abandonaba la plaza central Primer Congreso de An\u00e1huac, donde particip\u00f3 en un evento alusivo al D\u00eda Internacional de los Pueblos Ind\u00edgenas.<\/p>\n\n\n\n<p>\u201cMe armaron una caravana como si fuera yo un narco, les dije que si me requer\u00edan yo pod\u00eda presentarme voluntariamente, pero ellos prefirieron armar su pancho\u201d, dijo en un enlace telef\u00f3nico realizado a los pocos minutos de que rindiera su declaraci\u00f3n.<\/p>\n\n\n\n<p>Respecto al trato que le dieron los agentes de la Polic\u00eda Ministerial, reconoci\u00f3 que fue bueno, pues nunca ejercieron alg\u00fan tipo de violencia.<\/p>\n\n\n\n<p>Todav\u00eda sin abandonar la prisi\u00f3n asever\u00f3: \u201cNo me golpearon, si lo hubieran hecho, al salir hubiera ajustado cuentas\u201d.<\/p>\n\n\n\n<p>M\u00e1s tarde, cuando ya estaba fuera de las instalaciones hizo un comentario similar, aunque se refiri\u00f3 al hecho de que nunca se ejerci\u00f3 la tortura en su contra.<\/p>\n\n\n\n<p>Sin embargo, admite que la cantidad de unidades que se utilizaron para detenerlo s\u00ed le gener\u00f3 cierto temor: \u201cPor un momento pens\u00e9 que eran sicarios y dije -hasta aqu\u00ed llegu\u00e9-, porque tambi\u00e9n estoy preparado para morirme, no nada m\u00e1s para hablar, pero cuando se identificaron como polic\u00edas ministeriales dije que adelante\u201d.<\/p>\n\n\n\n<p>Robo de chivos, vacas, ma\u00edz y destrucci\u00f3n de caf\u00e9<\/p>\n\n\n\n<p>Bruno destac\u00f3 el hecho de que fue asistido por un defensor de oficio, pues no ten\u00eda recursos para pagar un abogado particular.<\/p>\n\n\n\n<p>Adem\u00e1s, se\u00f1al\u00f3 que siempre tuvo la certeza de que la imputaci\u00f3n en su contra era d\u00e9bil, ya que el momento en que se cometieron los delitos que derivaron en la orden de aprehensi\u00f3n<br>La acusaci\u00f3n en su contra deriva del presunto robo de vacas, chivos, de bultos de ma\u00edz y la destrucci\u00f3n de plantas de caf\u00e9.<\/p>\n\n\n\n<p>Los d\u00edas en que se cometieron dichos delitos, dijo que \u00e9l pudo acreditar que se encontraba muy lejos de la zona de incidencia, pues acredit\u00f3 que estuvo en Ayutla, encabezando una asamblea popular.<\/p>\n\n\n\n<p>El delito de da\u00f1os para este mi\u00e9rcoles 10 de agosto ya hab\u00eda prescrito, en tanto que en el delito de robo tuvo que pagar una fianza, misma que ascendi\u00f3 a 20 mil pesos.<\/p>\n\n\n\n<p>Placido asegura que lo detuvieron por un asunto en el que no tiene relaci\u00f3n, pero insiste en que en realidad, lo que existe es una persecuci\u00f3n de car\u00e1cter pol\u00edtico.<\/p>\n\n\n\n<p>Para demostrar que existe una persecuci\u00f3n en contra de la UPOEG, manifest\u00f3 que hay por lo menos otros seis integrantes de la UPOEG que se encuentran encarcelados, pero hasta el momento no se han acreditado los delitos que se les imputan, entre ellos homicidio y portaci\u00f3n ilegal de arma de fuego.<\/p>\n\n\n\n<p>Los responsables de la FGE no conocen Guerrero, son factor de ingobernabilidad<\/p>\n\n\n\n<p>Una vez fuera de prisi\u00f3n, Bruno Placido Valerio refiere que la situaci\u00f3n no puede parar, ahora la FGE tiene la obligaci\u00f3n de comprobar los delitos que le imputa, de lo contrario, lo que procede es iniciar la demanda por la reparaci\u00f3n del da\u00f1o.<\/p>\n\n\n\n<p>\u201cNo se vale que haya una estrategia para perseguirnos a los que luchamos a favor de las comunidades, es claro que existe mucho resentimiento en la Fiscal\u00eda en contra nuestra, porque a los verdaderos delincuentes nos los persiguen, es importante que digan en la Fiscal\u00eda qu\u00e9 es lo que quieren\u201d.<\/p>\n\n\n\n<p>Pero adem\u00e1s, indic\u00f3 que hay un problema muy claro, derivado de que en la FGE existen personas que no conocen a Guerrero, sus regiones y las organizaciones que aqu\u00ed operan.<br>\u201cVienen desde el centro del pa\u00eds, no conocen las regiones ni las comunidades y con sus acciones, lo que generan es inestabilidad\u201d, reproch\u00f3.<\/p>\n\n\n\n<p>Sostuvo que la UPOEG nunca se ha colocado en una postura contra el Estado, por el contrario, ha promovido de manera permanente el dialogo como herramienta para alcanzar acuerdos.<\/p>\n\n\n\n<p>Anot\u00f3: \u201cLa gobernadora (Evelyn Salgado Pineda) debe revisar lo que pasa, pues si bien la Fiscal\u00eda de Guerrero es aut\u00f3noma, los problemas de ingobernabilidad perjudican a todos los poderes p\u00fablicos, entonces se debe revisar el trabajo que realizan los reponsables de esa fiscal\u00eda\u201d.<\/p>\n\n\n\n<p>Y sentenci\u00f3: \u201cYo ya les dije, que me comprueben lo que han dicho, porque yo les voy a demandar la reparaci\u00f3n del da\u00f1o\u201d.<br><\/p>\n","protected":false},"excerpt":{"rendered":"<p>&#8212; Pag\u00f3 una fianza de 28 mil pesos por el delito de robo, el de da\u00f1os hab\u00eda prescrito&#8212; Anuncia que demandar\u00e1 a la FGE la reparaci\u00f3n del da\u00f1o moral&#8212; \u201cNo&hellip; <\/p>\n","protected":false},"author":21,"featured_media":48948,"comment_status":"open","ping_status":"open","sticky":false,"template":"","format":"standard","meta":{"fifu_image_url":"","fifu_image_alt":"","footnotes":""},"categories":[29],"tags":[],"class_list":["post-48947","post","type-post","status-publish","format-standard","has-post-thumbnail","hentry","category-sociedad"],"_links":{"self":[{"href":"https:\/\/www.interaccionnoticias.com.mx\/index.php?rest_route=\/wp\/v2\/posts\/48947","targetHints":{"allow":["GET"]}}],"collection":[{"href":"https:\/\/www.interaccionnoticias.com.mx\/index.php?rest_route=\/wp\/v2\/posts"}],"about":[{"href":"https:\/\/www.interaccionnoticias.com.mx\/index.php?rest_route=\/wp\/v2\/types\/post"}],"author":[{"embeddable":true,"href":"https:\/\/www.interaccionnoticias.com.mx\/index.php?rest_route=\/wp\/v2\/users\/21"}],"replies":[{"embeddable":true,"href":"https:\/\/www.interaccionnoticias.com.mx\/index.php?rest_route=%2Fwp%2Fv2%2Fcomments&post=48947"}],"version-history":[{"count":2,"href":"https:\/\/www.interaccionnoticias.com.mx\/index.php?rest_route=\/wp\/v2\/posts\/48947\/revisions"}],"predecessor-version":[{"id":48955,"href":"https:\/\/www.interaccionnoticias.com.mx\/index.php?rest_route=\/wp\/v2\/posts\/48947\/revisions\/48955"}],"wp:featuredmedia":[{"embeddable":true,"href":"https:\/\/www.interaccionnoticias.com.mx\/index.php?rest_route=\/wp\/v2\/media\/48948"}],"wp:attachment":[{"href":"https:\/\/www.interaccionnoticias.com.mx\/index.php?rest_route=%2Fwp%2Fv2%2Fmedia&parent=48947"}],"wp:term":[{"taxonomy":"category","embeddable":true,"href":"https:\/\/www.interaccionnoticias.com.mx\/index.php?rest_route=%2Fwp%2Fv2%2Fcategories&post=48947"},{"taxonomy":"post_tag","embeddable":true,"href":"https:\/\/www.interaccionnoticias.com.mx\/index.php?rest_route=%2Fwp%2Fv2%2Ftags&post=48947"}],"curies":[{"name":"wp","href":"https:\/\/api.w.org\/{rel}","templated":true}]}}