{"id":48935,"date":"2022-08-10T16:25:05","date_gmt":"2022-08-10T21:25:05","guid":{"rendered":"https:\/\/interaccionnoticias.com.mx\/?p=48935"},"modified":"2022-08-10T16:25:11","modified_gmt":"2022-08-10T21:25:11","slug":"rechaza-la-fge-que-haya-persecucion-contra-bruno-n","status":"publish","type":"post","link":"https:\/\/www.interaccionnoticias.com.mx\/?p=48935","title":{"rendered":"Rechaza la FGE que haya persecuci\u00f3n contra Bruno \u201cN\u201d"},"content":{"rendered":"\n<p>&#8212; Aseguran que fue detenido por mandamiento judicial<\/p>\n\n\n\n<p>Por Javier Trujillo<\/p>\n\n\n\n<p>Acapulco, Gro. \u2013 La fiscal general del Estado, Sandra Luz Valdovinos Salmer\u00f3n rechaz\u00f3 que la detenci\u00f3n del promotor comunitario de la UPOEG, Bruno Pl\u00e1cido Valerio, haya sido por una persecuci\u00f3n en su contra.<\/p>\n\n\n\n<p>Acompa\u00f1ada por los vicefiscales y fiscales regionales, la titular de la FGE, remarc\u00f3 que la captura de Pl\u00e1cido Valerio, se dio en buenos t\u00e9rminos y que no hubo necesidad de hacer uso de la fuerza.<\/p>\n\n\n\n<p>\u201cPor un mandato judicial, personal de la fiscal\u00eda general del Estado, cumpliment\u00f3 una orden de aprehensi\u00f3n una orden contra Bruno \u201cN\u201d, en la ciudad de Chilpancingo, Guerrero por los delitos de robo espec\u00edfico y da\u00f1os en agravio de diversas v\u00edctimas en Tlapa de Comonfort en el 2016.<\/p>\n\n\n\n<p>\u201cA las 21:40 horas, Bruno \u201cN\u201d, fue ingresado al Centro de Reinserci\u00f3n Social con sede en Tlapa de Comonfort, Guerrero, siendo puesto a disposici\u00f3n del juez mixto de primera instancia del distrito judicial de Morelos\u201d, dijo en conferencia realizada en las instalaciones de la fiscal\u00eda de Acapulco.<\/p>\n\n\n\n<p>Al t\u00e9rmino de la conferencia, no se permitieron preguntas, y \u00fanicamente la fiscal general de Guerrero, dio lectura a un comunicado de la instituci\u00f3n que ya hab\u00eda sido dada a conocer la noche del martes.<br><\/p>\n","protected":false},"excerpt":{"rendered":"<p>&#8212; Aseguran que fue detenido por mandamiento judicial Por Javier Trujillo Acapulco, Gro. \u2013 La fiscal general del Estado, Sandra Luz Valdovinos Salmer\u00f3n rechaz\u00f3 que la detenci\u00f3n del promotor comunitario&hellip; <\/p>\n","protected":false},"author":3,"featured_media":48936,"comment_status":"open","ping_status":"open","sticky":false,"template":"","format":"standard","meta":{"fifu_image_url":"","fifu_image_alt":"","footnotes":""},"categories":[27],"tags":[],"class_list":["post-48935","post","type-post","status-publish","format-standard","has-post-thumbnail","hentry","category-seguridad-publica"],"_links":{"self":[{"href":"https:\/\/www.interaccionnoticias.com.mx\/index.php?rest_route=\/wp\/v2\/posts\/48935","targetHints":{"allow":["GET"]}}],"collection":[{"href":"https:\/\/www.interaccionnoticias.com.mx\/index.php?rest_route=\/wp\/v2\/posts"}],"about":[{"href":"https:\/\/www.interaccionnoticias.com.mx\/index.php?rest_route=\/wp\/v2\/types\/post"}],"author":[{"embeddable":true,"href":"https:\/\/www.interaccionnoticias.com.mx\/index.php?rest_route=\/wp\/v2\/users\/3"}],"replies":[{"embeddable":true,"href":"https:\/\/www.interaccionnoticias.com.mx\/index.php?rest_route=%2Fwp%2Fv2%2Fcomments&post=48935"}],"version-history":[{"count":1,"href":"https:\/\/www.interaccionnoticias.com.mx\/index.php?rest_route=\/wp\/v2\/posts\/48935\/revisions"}],"predecessor-version":[{"id":48937,"href":"https:\/\/www.interaccionnoticias.com.mx\/index.php?rest_route=\/wp\/v2\/posts\/48935\/revisions\/48937"}],"wp:featuredmedia":[{"embeddable":true,"href":"https:\/\/www.interaccionnoticias.com.mx\/index.php?rest_route=\/wp\/v2\/media\/48936"}],"wp:attachment":[{"href":"https:\/\/www.interaccionnoticias.com.mx\/index.php?rest_route=%2Fwp%2Fv2%2Fmedia&parent=48935"}],"wp:term":[{"taxonomy":"category","embeddable":true,"href":"https:\/\/www.interaccionnoticias.com.mx\/index.php?rest_route=%2Fwp%2Fv2%2Fcategories&post=48935"},{"taxonomy":"post_tag","embeddable":true,"href":"https:\/\/www.interaccionnoticias.com.mx\/index.php?rest_route=%2Fwp%2Fv2%2Ftags&post=48935"}],"curies":[{"name":"wp","href":"https:\/\/api.w.org\/{rel}","templated":true}]}}