{"id":4882,"date":"2017-06-01T18:02:36","date_gmt":"2017-06-01T23:02:36","guid":{"rendered":"http:\/\/www.inter-accion.com.mx\/?p=4882"},"modified":"2017-06-01T18:02:36","modified_gmt":"2017-06-01T23:02:36","slug":"inicia-proceso-de-conciliacion-entre-el-gobierno-de-guerrero-y-policias-despedidos","status":"publish","type":"post","link":"https:\/\/www.interaccionnoticias.com.mx\/?p=4882","title":{"rendered":"Inicia proceso de conciliaci\u00f3n entre el gobierno de Guerrero y polic\u00edas despedidos"},"content":{"rendered":"<p><strong>Gobierno y polic\u00edas acuerdan t\u00e9rminos de despido &nbsp;<\/strong><br \/>\nEste jueves se registr\u00f3 el primer encuentro con perspectivas de conciliaci\u00f3n entre el gobierno del estado y los 176 polic\u00edas despedidos de la Secretar\u00eda de Seguridad P\u00fablica (SSP), tras el paro laboral que realizaron de la ma\u00f1ana del lunes 29 a la tarde del martes 31 de mayo.<br \/>\nEl encuentro se desarroll\u00f3 en la sala de usos m\u00faltiples de la Secretar\u00eda General de Gobierno, a petici\u00f3n del presidente de la Comisi\u00f3n Estatal de Derechos Humanos (CDEH), Ram\u00f3n Navarrete Magdaleno.<br \/>\nComenz\u00f3 poco despu\u00e9s de las 11:00 horas y culmin\u00f3 antes de las 14:00, de acuerdo con la defensa de los 176 polic\u00edas despedidos, el encentro se desarroll\u00f3 en buenos t\u00e9rminos, pues encontraron en el gobierno estatal disposici\u00f3n para alcanzar un acuerdo positivo.<br \/>\nLos elementos que la tarde del mi\u00e9rcoles 31 de mayo fueron notificados del despido por parte del \u00e1rea administrativa de la SSP quedaron divididos en tres bloques, para desahogar sus casos de manera diferenciada.<br \/>\nEn un primer momento, se coloc\u00f3 en un grupo a los elementos que decidieron aceptar el despido, lo que implica vigilar que se respeten sus derechos; esto implica el pago de una liquidaci\u00f3n de tres meses de salario, 20 d\u00edas de salario por cada a\u00f1o trabajado y el proporcional del aguinaldo, entre otros conceptos.<br \/>\nEn la relaci\u00f3n de 176 existen elementos con antig\u00fcedades que van de los 2, 3 y hasta 24 a\u00f1os de servicio.<br \/>\nEn un segundo grupo se colocar\u00e1n los polic\u00edas que no quieren el despido y que plantean permanecer en la corporaci\u00f3n, raz\u00f3n por la que se habr\u00e1 de revisar el expediente personal de cada uno de ellos para verificar si no existen m\u00e1s antecedentes negativos.<br \/>\nEl tercer bloque estar\u00e1 integrado por los elementos que fueron incluidos en la lista de despedidos sin que existiera motivos para ello, puesto que no se sumaron al paro laboral y siempre permanecieron en servicio.<br \/>\nOmar Ben\u00edtez Valdovinos y David Clemente Herrera, abogados de los polic\u00edas despedidos reconocieron que hay un buen pron\u00f3stico a partir de que las partes mostraron disposici\u00f3n para dialogar.<br \/>\nLos abogados manifestaron que todos los despedidos son jefes de familia, lo que fue reconocido en el gobierno estatal, de ah\u00ed que se decidiera mantener abierta la posibilidad del dialogo.<br \/>\nReconocieron que el pago de esta quincena se cubri\u00f3 pata todos de manera puntual, por lo que en estos momentos no existe una irregularidad en esa materia.<br \/>\nEn el punto que la administraci\u00f3n de la SSP no cedi\u00f3, es en la petici\u00f3n de que se modifique la jornada de seis d\u00edas de trabajo por tres de descanso, aunque manifestaron que dicho punto debe revisarse en el futuro.<br \/>\nEl presidente de la CEDH, Ram\u00f3n Navarrete Magdaleno, coment\u00f3 que en caso de no lograrse la permanencia de los polic\u00edas en su espacio de trabajo, por lo menos se garantizar\u00e1 que se cubran de manera puntual todos los derechos para los elementos despedidos.<\/p>\n","protected":false},"excerpt":{"rendered":"<p>Gobierno y polic\u00edas acuerdan t\u00e9rminos de despido &nbsp; Este jueves se registr\u00f3 el primer encuentro con perspectivas de conciliaci\u00f3n entre el gobierno del estado y los 176 polic\u00edas despedidos de&hellip; <\/p>\n","protected":false},"author":1,"featured_media":0,"comment_status":"closed","ping_status":"closed","sticky":false,"template":"","format":"standard","meta":{"fifu_image_url":"","fifu_image_alt":"","footnotes":""},"categories":[8,15],"tags":[],"class_list":["post-4882","post","type-post","status-publish","format-standard","hentry","category-featured","category-movimientos-sociales"],"_links":{"self":[{"href":"https:\/\/www.interaccionnoticias.com.mx\/index.php?rest_route=\/wp\/v2\/posts\/4882","targetHints":{"allow":["GET"]}}],"collection":[{"href":"https:\/\/www.interaccionnoticias.com.mx\/index.php?rest_route=\/wp\/v2\/posts"}],"about":[{"href":"https:\/\/www.interaccionnoticias.com.mx\/index.php?rest_route=\/wp\/v2\/types\/post"}],"author":[{"embeddable":true,"href":"https:\/\/www.interaccionnoticias.com.mx\/index.php?rest_route=\/wp\/v2\/users\/1"}],"replies":[{"embeddable":true,"href":"https:\/\/www.interaccionnoticias.com.mx\/index.php?rest_route=%2Fwp%2Fv2%2Fcomments&post=4882"}],"version-history":[{"count":0,"href":"https:\/\/www.interaccionnoticias.com.mx\/index.php?rest_route=\/wp\/v2\/posts\/4882\/revisions"}],"wp:attachment":[{"href":"https:\/\/www.interaccionnoticias.com.mx\/index.php?rest_route=%2Fwp%2Fv2%2Fmedia&parent=4882"}],"wp:term":[{"taxonomy":"category","embeddable":true,"href":"https:\/\/www.interaccionnoticias.com.mx\/index.php?rest_route=%2Fwp%2Fv2%2Fcategories&post=4882"},{"taxonomy":"post_tag","embeddable":true,"href":"https:\/\/www.interaccionnoticias.com.mx\/index.php?rest_route=%2Fwp%2Fv2%2Ftags&post=4882"}],"curies":[{"name":"wp","href":"https:\/\/api.w.org\/{rel}","templated":true}]}}