{"id":48764,"date":"2022-08-05T20:31:33","date_gmt":"2022-08-06T01:31:33","guid":{"rendered":"https:\/\/interaccionnoticias.com.mx\/?p=48764"},"modified":"2022-08-05T20:31:38","modified_gmt":"2022-08-06T01:31:38","slug":"marchan-por-la-presentacion-de-vicente-suastegui","status":"publish","type":"post","link":"https:\/\/www.interaccionnoticias.com.mx\/?p=48764","title":{"rendered":"Marchan por la presentaci\u00f3n de Vicente Suastegui"},"content":{"rendered":"\n<p><strong><em>&#8212; Se cumple un a\u00f1o de su desaparici\u00f3n<br>&#8212; Demandan a los gobiernos no abandonar la b\u00fasqueda<\/em><\/strong><\/p>\n\n\n\n<p><strong>Javier Trujillo<\/strong><\/p>\n\n\n\n<p>Acapulco, Gro. \u2013 En el primer aniversario de la desaparici\u00f3n de Vicente Iv\u00e1n Suastegui Mu\u00f1oz, su esposa Samantha Col\u00f3n, llam\u00f3 al gobierno federal y estatal clamando que no abandonen la b\u00fasqueda del padre de sus hijos.<\/p>\n\n\n\n<p>La marcha parti\u00f3 del Antimonumento de los 43, ubicado en la V\u00eda R\u00e1pida, y caminaron lanzando consignas en direcci\u00f3n al Z\u00f3calo porte\u00f1o, iban liderados por la esposa de Vicente Iv\u00e1n Suastegui.<\/p>\n\n\n\n<p>Los familiares de las personas desaparecidas en Acapulco, marcharon entre ellos, la esposa de Vicente Su\u00e1stegui, desaparecido el cinco de agosto del 2021, y realizaron una marcha en la costera Miguel Alem\u00e1n exigiendo a las autoridades la presentaci\u00f3n con vida de \u00e9l y los desaparecidos.<\/p>\n\n\n\n<p>A ra\u00edz de su desaparici\u00f3n el gobierno de H\u00e9ctor Astudillo Flores y la fiscal\u00eda general del Estado, as\u00ed como la Comisi\u00f3n Nacional de B\u00fasqueda iniciaron el recorrido por todas las \u00e1reas para encontrar a Vicente Iv\u00e1n.<\/p>\n\n\n\n<p>MILENIO inform\u00f3 que Vicente Iv\u00e1n, desapareci\u00f3, cuando con violencia lo bajaron de un taxi amarillo con blanco que conduc\u00eda y fue privado de su libertad, desde entonces nadie supo de \u00e9l.<\/p>\n\n\n\n<p>\u201cA pesar de que ha habido b\u00fasqueda, a pesar de que ha habido varias circunstancias alrededor de su caso, Iv\u00e1n Suastegui, no est\u00e1 con nosotros, es por ello sigue siendo la principal exigencia, la presentaci\u00f3n con vida de Vicente.<\/p>\n\n\n\n<p>\u201cAl presidente de la Rep\u00fablica (Andr\u00e9s Manuel L\u00f3pez Obrador) le digo que hay una familia que est\u00e1 esperando la presentaci\u00f3n con vida del esposo, del padre, del hermano, del hijo y que no quiten el dedo del rengl\u00f3n, ya que hay muchos desaparecidos en Acapulco, en Guerrero y todo el pa\u00eds\u201d, dijo Samantha Col\u00f3n Morales.<\/p>\n\n\n\n<p>Durante la marcha, particip\u00f3 un contingente de un centenar de personas que mostraban lonas con los rostros de sus seres queridos, entre ellos el rostro de Vicente Iv\u00e1n Su\u00e1stegui y muchos m\u00e1s.<\/p>\n\n\n\n<p>A la caminata se sumaron familiares de otras personas que tienen a sus seres queridos desaparecidos en Acapulco, demandaron a la fiscal\u00eda general del Estado, se presente un inform\u00f3 del paradero de todas las personas que est\u00e1n desaparecidas en los \u00faltimos a\u00f1os y en este destino tur\u00edstico.<\/p>\n\n\n\n<p>En otra marcha, por separado un grupo integrado por el Consejo de Ejidos y Comunidades Opositores a la Presa La Parota (Cecop), representantes de organizaciones sociales, as\u00ed como integrantes de la CETEG, se sumaron a la exigencia por la presentaci\u00f3n con vida de los desaparecidos.<\/p>\n\n\n\n<p>Eran medio centenar encabezadas por Marco Antonio Su\u00e1stegui que parti\u00f3 del Centro Internacional Acapulco al Asta Bandera, ocasionado un caos vehicular en plena temporada tur\u00edstica.<br><\/p>\n\n\n\n<figure class=\"wp-block-gallery columns-2 is-cropped wp-block-gallery-1 is-layout-flex wp-block-gallery-is-layout-flex\"><ul class=\"blocks-gallery-grid\"><li class=\"blocks-gallery-item\"><figure><img decoding=\"async\" src=\"data:image\/gif;base64,R0lGODlhAQABAIAAAAAAAP\/\/\/ywAAAAAAQABAAACAUwAOw==\" fifu-lazy=\"1\" fifu-data-sizes=\"auto\" fifu-data-srcset=\"https:\/\/i3.wp.com\/interaccionnoticias.com.mx\/wp-content\/uploads\/2022\/08\/Vicente-Suastegui-1-1024x683.jpg?ssl=1&w=75&resize=75&ssl=1 75w, https:\/\/i3.wp.com\/interaccionnoticias.com.mx\/wp-content\/uploads\/2022\/08\/Vicente-Suastegui-1-1024x683.jpg?ssl=1&w=100&resize=100&ssl=1 100w, https:\/\/i3.wp.com\/interaccionnoticias.com.mx\/wp-content\/uploads\/2022\/08\/Vicente-Suastegui-1-1024x683.jpg?ssl=1&w=150&resize=150&ssl=1 150w, https:\/\/i3.wp.com\/interaccionnoticias.com.mx\/wp-content\/uploads\/2022\/08\/Vicente-Suastegui-1-1024x683.jpg?ssl=1&w=240&resize=240&ssl=1 240w, https:\/\/i3.wp.com\/interaccionnoticias.com.mx\/wp-content\/uploads\/2022\/08\/Vicente-Suastegui-1-1024x683.jpg?ssl=1&w=320&resize=320&ssl=1 320w, https:\/\/i3.wp.com\/interaccionnoticias.com.mx\/wp-content\/uploads\/2022\/08\/Vicente-Suastegui-1-1024x683.jpg?ssl=1&w=500&resize=500&ssl=1 500w, https:\/\/i3.wp.com\/interaccionnoticias.com.mx\/wp-content\/uploads\/2022\/08\/Vicente-Suastegui-1-1024x683.jpg?ssl=1&w=640&resize=640&ssl=1 640w, https:\/\/i3.wp.com\/interaccionnoticias.com.mx\/wp-content\/uploads\/2022\/08\/Vicente-Suastegui-1-1024x683.jpg?ssl=1&w=800&resize=800&ssl=1 800w, https:\/\/i3.wp.com\/interaccionnoticias.com.mx\/wp-content\/uploads\/2022\/08\/Vicente-Suastegui-1-1024x683.jpg?ssl=1&w=1024&resize=1024&ssl=1 1024w, https:\/\/i3.wp.com\/interaccionnoticias.com.mx\/wp-content\/uploads\/2022\/08\/Vicente-Suastegui-1-1024x683.jpg?ssl=1&w=1280&resize=1280&ssl=1 1280w, https:\/\/i3.wp.com\/interaccionnoticias.com.mx\/wp-content\/uploads\/2022\/08\/Vicente-Suastegui-1-1024x683.jpg?ssl=1&w=1600&resize=1600&ssl=1 1600w\" fifu-data-src=\"https:\/\/i3.wp.com\/interaccionnoticias.com.mx\/wp-content\/uploads\/2022\/08\/Vicente-Suastegui-1-1024x683.jpg?ssl=1\" alt=\"\" data-id=\"48765\" data-full-url=\"https:\/\/interaccionnoticias.com.mx\/wp-content\/uploads\/2022\/08\/Vicente-Suastegui-1.jpg\" data-link=\"https:\/\/interaccionnoticias.com.mx\/?attachment_id=48765\" class=\"wp-image-48765\"\/><\/figure><\/li><li class=\"blocks-gallery-item\"><figure><img decoding=\"async\" src=\"data:image\/gif;base64,R0lGODlhAQABAIAAAAAAAP\/\/\/ywAAAAAAQABAAACAUwAOw==\" fifu-lazy=\"1\" fifu-data-sizes=\"auto\" fifu-data-srcset=\"https:\/\/i1.wp.com\/interaccionnoticias.com.mx\/wp-content\/uploads\/2022\/08\/Vicente-Suastegui-1024x683.jpg?ssl=1&w=75&resize=75&ssl=1 75w, https:\/\/i1.wp.com\/interaccionnoticias.com.mx\/wp-content\/uploads\/2022\/08\/Vicente-Suastegui-1024x683.jpg?ssl=1&w=100&resize=100&ssl=1 100w, https:\/\/i1.wp.com\/interaccionnoticias.com.mx\/wp-content\/uploads\/2022\/08\/Vicente-Suastegui-1024x683.jpg?ssl=1&w=150&resize=150&ssl=1 150w, https:\/\/i1.wp.com\/interaccionnoticias.com.mx\/wp-content\/uploads\/2022\/08\/Vicente-Suastegui-1024x683.jpg?ssl=1&w=240&resize=240&ssl=1 240w, https:\/\/i1.wp.com\/interaccionnoticias.com.mx\/wp-content\/uploads\/2022\/08\/Vicente-Suastegui-1024x683.jpg?ssl=1&w=320&resize=320&ssl=1 320w, https:\/\/i1.wp.com\/interaccionnoticias.com.mx\/wp-content\/uploads\/2022\/08\/Vicente-Suastegui-1024x683.jpg?ssl=1&w=500&resize=500&ssl=1 500w, https:\/\/i1.wp.com\/interaccionnoticias.com.mx\/wp-content\/uploads\/2022\/08\/Vicente-Suastegui-1024x683.jpg?ssl=1&w=640&resize=640&ssl=1 640w, https:\/\/i1.wp.com\/interaccionnoticias.com.mx\/wp-content\/uploads\/2022\/08\/Vicente-Suastegui-1024x683.jpg?ssl=1&w=800&resize=800&ssl=1 800w, https:\/\/i1.wp.com\/interaccionnoticias.com.mx\/wp-content\/uploads\/2022\/08\/Vicente-Suastegui-1024x683.jpg?ssl=1&w=1024&resize=1024&ssl=1 1024w, https:\/\/i1.wp.com\/interaccionnoticias.com.mx\/wp-content\/uploads\/2022\/08\/Vicente-Suastegui-1024x683.jpg?ssl=1&w=1280&resize=1280&ssl=1 1280w, https:\/\/i1.wp.com\/interaccionnoticias.com.mx\/wp-content\/uploads\/2022\/08\/Vicente-Suastegui-1024x683.jpg?ssl=1&w=1600&resize=1600&ssl=1 1600w\" fifu-data-src=\"https:\/\/i1.wp.com\/interaccionnoticias.com.mx\/wp-content\/uploads\/2022\/08\/Vicente-Suastegui-1024x683.jpg?ssl=1\" alt=\"\" data-id=\"48766\" data-full-url=\"https:\/\/interaccionnoticias.com.mx\/wp-content\/uploads\/2022\/08\/Vicente-Suastegui.jpg\" data-link=\"https:\/\/interaccionnoticias.com.mx\/?attachment_id=48766\" class=\"wp-image-48766\"\/><\/figure><\/li><\/ul><\/figure>\n","protected":false},"excerpt":{"rendered":"<p>&#8212; Se cumple un a\u00f1o de su desaparici\u00f3n&#8212; Demandan a los gobiernos no abandonar la b\u00fasqueda Javier Trujillo Acapulco, Gro. \u2013 En el primer aniversario de la desaparici\u00f3n de Vicente&hellip; <\/p>\n","protected":false},"author":3,"featured_media":48765,"comment_status":"open","ping_status":"open","sticky":false,"template":"","format":"standard","meta":{"fifu_image_url":"","fifu_image_alt":"","footnotes":""},"categories":[15],"tags":[],"class_list":["post-48764","post","type-post","status-publish","format-standard","has-post-thumbnail","hentry","category-movimientos-sociales"],"_links":{"self":[{"href":"https:\/\/www.interaccionnoticias.com.mx\/index.php?rest_route=\/wp\/v2\/posts\/48764","targetHints":{"allow":["GET"]}}],"collection":[{"href":"https:\/\/www.interaccionnoticias.com.mx\/index.php?rest_route=\/wp\/v2\/posts"}],"about":[{"href":"https:\/\/www.interaccionnoticias.com.mx\/index.php?rest_route=\/wp\/v2\/types\/post"}],"author":[{"embeddable":true,"href":"https:\/\/www.interaccionnoticias.com.mx\/index.php?rest_route=\/wp\/v2\/users\/3"}],"replies":[{"embeddable":true,"href":"https:\/\/www.interaccionnoticias.com.mx\/index.php?rest_route=%2Fwp%2Fv2%2Fcomments&post=48764"}],"version-history":[{"count":1,"href":"https:\/\/www.interaccionnoticias.com.mx\/index.php?rest_route=\/wp\/v2\/posts\/48764\/revisions"}],"predecessor-version":[{"id":48767,"href":"https:\/\/www.interaccionnoticias.com.mx\/index.php?rest_route=\/wp\/v2\/posts\/48764\/revisions\/48767"}],"wp:featuredmedia":[{"embeddable":true,"href":"https:\/\/www.interaccionnoticias.com.mx\/index.php?rest_route=\/wp\/v2\/media\/48765"}],"wp:attachment":[{"href":"https:\/\/www.interaccionnoticias.com.mx\/index.php?rest_route=%2Fwp%2Fv2%2Fmedia&parent=48764"}],"wp:term":[{"taxonomy":"category","embeddable":true,"href":"https:\/\/www.interaccionnoticias.com.mx\/index.php?rest_route=%2Fwp%2Fv2%2Fcategories&post=48764"},{"taxonomy":"post_tag","embeddable":true,"href":"https:\/\/www.interaccionnoticias.com.mx\/index.php?rest_route=%2Fwp%2Fv2%2Ftags&post=48764"}],"curies":[{"name":"wp","href":"https:\/\/api.w.org\/{rel}","templated":true}]}}