{"id":4868,"date":"2017-05-31T20:07:42","date_gmt":"2017-06-01T01:07:42","guid":{"rendered":"http:\/\/www.inter-accion.com.mx\/?p=4868"},"modified":"2017-05-31T20:07:42","modified_gmt":"2017-06-01T01:07:42","slug":"empresarios-piden-que-se-legisle-sobre-la-legitima-defensa","status":"publish","type":"post","link":"https:\/\/www.interaccionnoticias.com.mx\/?p=4868","title":{"rendered":"Empresarios piden que se legisle sobre la legitima defensa"},"content":{"rendered":"<p>Empresarios de Chilpancingo solicitaron al gobierno municipal y los diputados de Guerrero, que legislen para que en esta entidad se autorice la legitima defensa, en los casos en que la delincuencia ponga en riesgo la integridad de las familias.<br \/>\nAdri\u00e1n Alarc\u00f3n R\u00edos, presidente de la Confederaci\u00f3n Patronal de la Rep\u00fablica Mexicana (Coparmex) en Chilpancingo, indic\u00f3 que dado el nivel que ha tomado el problema de la inseguridad en Guerrero, se debe retomar la necesidad de activar aqu\u00ed el procedimiento de la leg\u00edtima defensa.<br \/>\nDe hecho, en un encuentro sostenido la ma\u00f1ana del mi\u00e9rcoles, el dirigente empresarial solicit\u00f3 al alcalde de Chilpancingo, Marco Antonio Leyva Mena, que convoque a los cinco diputados locales que tienen residencia en la capital de Guerrero, para que realicen una mesa de dialogo y analicen la viabilidad de retomar la inclusi\u00f3n en el C\u00f3digo Penal de la atenuante de la legitima defensa.<br \/>\nRecord\u00f3 que ya en el estado de Nuevo Le\u00f3n,&nbsp; el Congreso local aprob\u00f3 la modificaci\u00f3n al art\u00edculo 17 de su C\u00f3digo de Procedimientos Penales, para efecto de que se aplique la leg\u00edtima defensa cuando presuntos delincuentes ingresen indebidamente a un domicilio, para de esa manera poner en riesgo la integridad de las familias que ah\u00ed viven.<br \/>\nManifest\u00f3 que por los problemas internos que enfrentan las instituciones, se debe permitir que los ciudadanos encuentren formas para coadyuvar con las autoridades.<br \/>\nPara ello, dijo que se puede echar mano de las armas que legalmente pueden utilizarse en los domicilios, ya que no son de uso exclusivo del Ej\u00e9rcito Mexicano. &nbsp;&nbsp;<br \/>\nEl dirigente de Coparmex sostuvo que la seguridad es un tema que preocupa a todos, pero que no debe dejarse solamente en el \u00e1mbito de responsabilidades de las autoridades, si no que se debe permitir que la sociedad tenga m\u00e1s participaci\u00f3n.<br \/>\nLa declaraci\u00f3n la hizo en el contexto de una jornada violenta que dej\u00f3 el saldo de por lo menos tres ataques violentos en la cabecera municipal de Chilpancingo, el saldo fue de dos j\u00f3venes muertos y un herido.<\/p>\n","protected":false},"excerpt":{"rendered":"<p>Empresarios de Chilpancingo solicitaron al gobierno municipal y los diputados de Guerrero, que legislen para que en esta entidad se autorice la legitima defensa, en los casos en que la&hellip; <\/p>\n","protected":false},"author":1,"featured_media":0,"comment_status":"closed","ping_status":"closed","sticky":false,"template":"","format":"standard","meta":{"fifu_image_url":"","fifu_image_alt":"","footnotes":""},"categories":[13,8],"tags":[],"class_list":["post-4868","post","type-post","status-publish","format-standard","hentry","category-capital","category-featured"],"_links":{"self":[{"href":"https:\/\/www.interaccionnoticias.com.mx\/index.php?rest_route=\/wp\/v2\/posts\/4868","targetHints":{"allow":["GET"]}}],"collection":[{"href":"https:\/\/www.interaccionnoticias.com.mx\/index.php?rest_route=\/wp\/v2\/posts"}],"about":[{"href":"https:\/\/www.interaccionnoticias.com.mx\/index.php?rest_route=\/wp\/v2\/types\/post"}],"author":[{"embeddable":true,"href":"https:\/\/www.interaccionnoticias.com.mx\/index.php?rest_route=\/wp\/v2\/users\/1"}],"replies":[{"embeddable":true,"href":"https:\/\/www.interaccionnoticias.com.mx\/index.php?rest_route=%2Fwp%2Fv2%2Fcomments&post=4868"}],"version-history":[{"count":0,"href":"https:\/\/www.interaccionnoticias.com.mx\/index.php?rest_route=\/wp\/v2\/posts\/4868\/revisions"}],"wp:attachment":[{"href":"https:\/\/www.interaccionnoticias.com.mx\/index.php?rest_route=%2Fwp%2Fv2%2Fmedia&parent=4868"}],"wp:term":[{"taxonomy":"category","embeddable":true,"href":"https:\/\/www.interaccionnoticias.com.mx\/index.php?rest_route=%2Fwp%2Fv2%2Fcategories&post=4868"},{"taxonomy":"post_tag","embeddable":true,"href":"https:\/\/www.interaccionnoticias.com.mx\/index.php?rest_route=%2Fwp%2Fv2%2Ftags&post=4868"}],"curies":[{"name":"wp","href":"https:\/\/api.w.org\/{rel}","templated":true}]}}