{"id":48676,"date":"2022-08-04T16:03:10","date_gmt":"2022-08-04T21:03:10","guid":{"rendered":"https:\/\/interaccionnoticias.com.mx\/?p=48676"},"modified":"2022-08-04T16:03:15","modified_gmt":"2022-08-04T21:03:15","slug":"a-la-baja-los-contagios-de-covid-19-en-guerrero","status":"publish","type":"post","link":"https:\/\/www.interaccionnoticias.com.mx\/?p=48676","title":{"rendered":"A la baja, los contagios de Covid-19 en Guerrero"},"content":{"rendered":"\n<p><strong><em>&#8212; La Secretar\u00eda de Salud pide no bajar la guardia en materia de prevenci\u00f3n<br>&#8212; La ocupaci\u00f3n de camas Covid en centros hospitalarios es del 24 por ciento<\/em><\/strong><\/p>\n\n\n\n<p><strong>Rogelio Agust\u00edn<\/strong><\/p>\n\n\n\n<p><strong>Chilpancingo, Gro., 04 de agosto 2022.-<\/strong> Ante el descenso que se registra en cuanto a contagios de Covid-19, la Secretar\u00eda de Salud pidi\u00f3 a los guerrerenses mantener las medidas de prevenci\u00f3n para disminuir la incidencia de manera m\u00e1s eficaz.<\/p>\n\n\n\n<p>Al corte del 03 de agosto, Guerrero registra 2 mil 089 casos activos de Covid-19, de los cuales 14 casos y 1 defunci\u00f3n se confirmaron en las \u00faltimas 24 horas.<\/p>\n\n\n\n<p>Desde el inicio de la pandemia, Guerrero acumula 112 mil 640 casos confirmados y 6 mil 803 defunciones.<\/p>\n\n\n\n<p>A nivel nacional, el estado se ubica en el lugar 23 en casos activos, los que se concentran en 64 municipios, entre ellos Chilpancingo con 688; Acapulco con 338; en Taxco hay 201; Iguala, 175; Zihuatanejo, 113; Tlapa, 90; Chilapa, 85; Ometepec, 80; Tixtla, 22, y Eduardo Neri, 18.<\/p>\n\n\n\n<p>La ocupaci\u00f3n de camas para la atenci\u00f3n de pacientes Covid-19 es del 24 por ciento, la Secretar\u00eda de Salud reiter\u00f3 su llamado a la poblaci\u00f3n a continuar con las medidas preventivas, como el uso correcto de cubrebocas, mantener la sana distancia de 1.5 metros, ventilar espacios cerrados, adem\u00e1s del lavado de manos constante con agua y jab\u00f3n.<\/p>\n","protected":false},"excerpt":{"rendered":"<p>&#8212; La Secretar\u00eda de Salud pide no bajar la guardia en materia de prevenci\u00f3n&#8212; La ocupaci\u00f3n de camas Covid en centros hospitalarios es del 24 por ciento Rogelio Agust\u00edn Chilpancingo,&hellip; <\/p>\n","protected":false},"author":21,"featured_media":48677,"comment_status":"open","ping_status":"open","sticky":false,"template":"","format":"standard","meta":{"fifu_image_url":"","fifu_image_alt":"","footnotes":""},"categories":[3],"tags":[],"class_list":["post-48676","post","type-post","status-publish","format-standard","has-post-thumbnail","hentry","category-covid-19"],"_links":{"self":[{"href":"https:\/\/www.interaccionnoticias.com.mx\/index.php?rest_route=\/wp\/v2\/posts\/48676","targetHints":{"allow":["GET"]}}],"collection":[{"href":"https:\/\/www.interaccionnoticias.com.mx\/index.php?rest_route=\/wp\/v2\/posts"}],"about":[{"href":"https:\/\/www.interaccionnoticias.com.mx\/index.php?rest_route=\/wp\/v2\/types\/post"}],"author":[{"embeddable":true,"href":"https:\/\/www.interaccionnoticias.com.mx\/index.php?rest_route=\/wp\/v2\/users\/21"}],"replies":[{"embeddable":true,"href":"https:\/\/www.interaccionnoticias.com.mx\/index.php?rest_route=%2Fwp%2Fv2%2Fcomments&post=48676"}],"version-history":[{"count":1,"href":"https:\/\/www.interaccionnoticias.com.mx\/index.php?rest_route=\/wp\/v2\/posts\/48676\/revisions"}],"predecessor-version":[{"id":48678,"href":"https:\/\/www.interaccionnoticias.com.mx\/index.php?rest_route=\/wp\/v2\/posts\/48676\/revisions\/48678"}],"wp:featuredmedia":[{"embeddable":true,"href":"https:\/\/www.interaccionnoticias.com.mx\/index.php?rest_route=\/wp\/v2\/media\/48677"}],"wp:attachment":[{"href":"https:\/\/www.interaccionnoticias.com.mx\/index.php?rest_route=%2Fwp%2Fv2%2Fmedia&parent=48676"}],"wp:term":[{"taxonomy":"category","embeddable":true,"href":"https:\/\/www.interaccionnoticias.com.mx\/index.php?rest_route=%2Fwp%2Fv2%2Fcategories&post=48676"},{"taxonomy":"post_tag","embeddable":true,"href":"https:\/\/www.interaccionnoticias.com.mx\/index.php?rest_route=%2Fwp%2Fv2%2Ftags&post=48676"}],"curies":[{"name":"wp","href":"https:\/\/api.w.org\/{rel}","templated":true}]}}