{"id":48612,"date":"2022-08-02T19:46:59","date_gmt":"2022-08-03T00:46:59","guid":{"rendered":"https:\/\/interaccionnoticias.com.mx\/?p=48612"},"modified":"2022-08-02T19:47:05","modified_gmt":"2022-08-03T00:47:05","slug":"integrantes-de-upoeg-atacan-al-vicefiscal-ramon-celaya-en-tres-palos","status":"publish","type":"post","link":"https:\/\/www.interaccionnoticias.com.mx\/?p=48612","title":{"rendered":"Integrantes de UPOEG atacan al vicefiscal Ram\u00f3n Celaya en Tres Palos"},"content":{"rendered":"\n<p>&#8212; Hay dos heridos y cinco detenidos, seg\u00fan informaci\u00f3n preliminar<br>&#8212; Se movilizan corporaciones al punto del enfrentamiento<\/p>\n\n\n\n<p>SNI<\/p>\n\n\n\n<p>Integrantes de la Uni\u00f3n de Pueblos y Organizaciones del Estado de Guerrero (UPOEG) atacaron a balazos al vicefiscal de Investigaci\u00f3n de la Fiscal\u00eda General del Estado (FGE) Ram\u00f3n Celaya Gamboa, el saldo es de dos heridos y cinco agresores detenidos.<\/p>\n\n\n\n<p>El hecho, de acuerdo con fuentes de la FGE se registr\u00f3 alrededor de las 19:00 horas de este martes 2 de agosto, cuando el funcionario se dirig\u00eda para atender a un grupo de seguidores de la UPOEG que bloqueaban la carretera federal, a la altura de Tres Palos, en el municipio de Acapulco.<\/p>\n\n\n\n<p>El hecho ha propiciado el despliegue de todos los cuerpos de seguridad hacia el punto del enfrentamiento.<br>En varias ocasiones, el vicefiscal Celaya Gamboa ha se\u00f1alado que existen grupos que se prestan para generarle base social a la delincuencia organizada, entre ellos, algunos integrantes de la UPOEG.<br><\/p>\n","protected":false},"excerpt":{"rendered":"<p>&#8212; Hay dos heridos y cinco detenidos, seg\u00fan informaci\u00f3n preliminar&#8212; Se movilizan corporaciones al punto del enfrentamiento SNI Integrantes de la Uni\u00f3n de Pueblos y Organizaciones del Estado de Guerrero&hellip; <\/p>\n","protected":false},"author":4,"featured_media":48613,"comment_status":"open","ping_status":"open","sticky":false,"template":"","format":"standard","meta":{"fifu_image_url":"","fifu_image_alt":"","footnotes":""},"categories":[27],"tags":[],"class_list":["post-48612","post","type-post","status-publish","format-standard","has-post-thumbnail","hentry","category-seguridad-publica"],"_links":{"self":[{"href":"https:\/\/www.interaccionnoticias.com.mx\/index.php?rest_route=\/wp\/v2\/posts\/48612","targetHints":{"allow":["GET"]}}],"collection":[{"href":"https:\/\/www.interaccionnoticias.com.mx\/index.php?rest_route=\/wp\/v2\/posts"}],"about":[{"href":"https:\/\/www.interaccionnoticias.com.mx\/index.php?rest_route=\/wp\/v2\/types\/post"}],"author":[{"embeddable":true,"href":"https:\/\/www.interaccionnoticias.com.mx\/index.php?rest_route=\/wp\/v2\/users\/4"}],"replies":[{"embeddable":true,"href":"https:\/\/www.interaccionnoticias.com.mx\/index.php?rest_route=%2Fwp%2Fv2%2Fcomments&post=48612"}],"version-history":[{"count":1,"href":"https:\/\/www.interaccionnoticias.com.mx\/index.php?rest_route=\/wp\/v2\/posts\/48612\/revisions"}],"predecessor-version":[{"id":48614,"href":"https:\/\/www.interaccionnoticias.com.mx\/index.php?rest_route=\/wp\/v2\/posts\/48612\/revisions\/48614"}],"wp:featuredmedia":[{"embeddable":true,"href":"https:\/\/www.interaccionnoticias.com.mx\/index.php?rest_route=\/wp\/v2\/media\/48613"}],"wp:attachment":[{"href":"https:\/\/www.interaccionnoticias.com.mx\/index.php?rest_route=%2Fwp%2Fv2%2Fmedia&parent=48612"}],"wp:term":[{"taxonomy":"category","embeddable":true,"href":"https:\/\/www.interaccionnoticias.com.mx\/index.php?rest_route=%2Fwp%2Fv2%2Fcategories&post=48612"},{"taxonomy":"post_tag","embeddable":true,"href":"https:\/\/www.interaccionnoticias.com.mx\/index.php?rest_route=%2Fwp%2Fv2%2Ftags&post=48612"}],"curies":[{"name":"wp","href":"https:\/\/api.w.org\/{rel}","templated":true}]}}