{"id":48603,"date":"2022-08-02T15:53:19","date_gmt":"2022-08-02T20:53:19","guid":{"rendered":"https:\/\/interaccionnoticias.com.mx\/?p=48603"},"modified":"2022-08-02T15:53:23","modified_gmt":"2022-08-02T20:53:23","slug":"gilberto-solano-arreaga-entrega-una-pavimentacion-mas-para-beneficio-de-tlapa-de-comonfort","status":"publish","type":"post","link":"https:\/\/www.interaccionnoticias.com.mx\/?p=48603","title":{"rendered":"Gilberto Solano Arreaga entrega una pavimentaci\u00f3n m\u00e1s para beneficio de Tlapa de Comonfort"},"content":{"rendered":"\n<p><strong><em>&#8212; En la colonia El Dorado las y los vecinos agradecieron estas acciones que vienen a mejorar su calidad de vida.<\/em><\/strong><\/p>\n\n\n\n<p><strong>Tlapa de Comonfort a 2 de agosto de 2022.-<\/strong> La ma\u00f1ana de este martes, el primer presidente ind\u00edgena de Tlapa de Comonfort, Gilberto Solano Arreaga, inaugur\u00f3 la obra de construcci\u00f3n de pavimentaci\u00f3n con concreto hidr\u00e1ulico de la calle Constituci\u00f3n, en la colonia El Dorado.<\/p>\n\n\n\n<p>En su mensaje, Solano Arreaga explic\u00f3 que, decirle \u201chermanos\u201d a los habitantes de Tlapa significa m\u00e1s de lo que muchos creen, esto es parte de la historia y que cada d\u00eda refuerzan con los compromisos y trabajo que se realiza por las colonias y comunidades.<\/p>\n\n\n\n<p>El alcalde agradeci\u00f3 al delegado de la colonia, \u00c1lvaro Ortiz Solano, porque siempre estuvo atento a esta gesti\u00f3n que se realiz\u00f3 y que hasta el \u00faltimo momento se mantuvo firme y este logro es grande para esta colonia.<\/p>\n\n\n\n<p>\u201cYo respeto y aprecio mucho a la organizaci\u00f3n del Frente Popular de la Monta\u00f1a, porque siempre est\u00e1n al pendiente de las injusticias que pueden cometer los gobiernos y hacen que la voluntad del pueblo se cumpla y es lo que busco a trav\u00e9s de mi gobierno.<\/p>\n\n\n\n<p>Gilberto Solano asegur\u00f3 que el ejemplo claro es este, cuando se busca el bien en com\u00fan, le va bien a todas y todos. Por esa raz\u00f3n dijo que siempre estar\u00e1 atento para luchar de la mano con quien busque lo mejor para el pueblo.<\/p>\n\n\n\n<p>\u201cEstos meses hemos estado haciendo ajustes como cualquier administraci\u00f3n, pero lo que viene en agosto, septiembre y octubre ser\u00e1 de m\u00e1s trabajo en colonias y comunidades\u201d.<\/p>\n\n\n\n<p>Zeferino Candia Ram\u00edrez, integrante del Frente Popular de la Monta\u00f1a, agradeci\u00f3 al presidente, pues este es un bien com\u00fan para toda la poblaci\u00f3n, espec\u00edficamente para los transportistas, quienes son los que m\u00e1s da\u00f1o ten\u00edan en sus veh\u00edculos porque esta calle estaba muy da\u00f1ada: \u201cel compromiso social del presidente municipal se est\u00e1 viendo y est\u00e1 atendiendo a todas y todos en Tlapa. Por ello, agradezco a Gilberto Solano Arreaga este trabajo que se realiz\u00f3 de la mejor manera, en tiempo y forma. Es una obra de calidad que beneficiar\u00e1 a toda la poblaci\u00f3n\u201d.<\/p>\n\n\n\n<p>En los datos t\u00e9cnicos, el secretario de Obras P\u00fablicas, Cresenciano D\u00edaz Medina se\u00f1al\u00f3 que el pavimento que se realiz\u00f3 es de 851.91 metros cuadrados de trazo y nivelaci\u00f3n con equipo topogr\u00e1fico, adem\u00e1s de 253.10 metros lineales de guarnici\u00f3n y 126.5 de pavimento. Tambi\u00e9n se realiz\u00f3 la reparaci\u00f3n de un tramo de tuber\u00eda de agua potable, as\u00ed como de tomas domiciliarias de agua potable.<\/p>\n\n\n\n<figure class=\"wp-block-gallery columns-2 is-cropped wp-block-gallery-1 is-layout-flex wp-block-gallery-is-layout-flex\"><ul class=\"blocks-gallery-grid\"><li class=\"blocks-gallery-item\"><figure><img decoding=\"async\" src=\"data:image\/gif;base64,R0lGODlhAQABAIAAAAAAAP\/\/\/ywAAAAAAQABAAACAUwAOw==\" fifu-lazy=\"1\" fifu-data-sizes=\"auto\" fifu-data-srcset=\"https:\/\/i1.wp.com\/interaccionnoticias.com.mx\/wp-content\/uploads\/2022\/08\/220802-Tlapa-de-Comonfort-1-1024x768.jpeg?ssl=1&w=75&resize=75&ssl=1 75w, https:\/\/i1.wp.com\/interaccionnoticias.com.mx\/wp-content\/uploads\/2022\/08\/220802-Tlapa-de-Comonfort-1-1024x768.jpeg?ssl=1&w=100&resize=100&ssl=1 100w, https:\/\/i1.wp.com\/interaccionnoticias.com.mx\/wp-content\/uploads\/2022\/08\/220802-Tlapa-de-Comonfort-1-1024x768.jpeg?ssl=1&w=150&resize=150&ssl=1 150w, https:\/\/i1.wp.com\/interaccionnoticias.com.mx\/wp-content\/uploads\/2022\/08\/220802-Tlapa-de-Comonfort-1-1024x768.jpeg?ssl=1&w=240&resize=240&ssl=1 240w, https:\/\/i1.wp.com\/interaccionnoticias.com.mx\/wp-content\/uploads\/2022\/08\/220802-Tlapa-de-Comonfort-1-1024x768.jpeg?ssl=1&w=320&resize=320&ssl=1 320w, https:\/\/i1.wp.com\/interaccionnoticias.com.mx\/wp-content\/uploads\/2022\/08\/220802-Tlapa-de-Comonfort-1-1024x768.jpeg?ssl=1&w=500&resize=500&ssl=1 500w, https:\/\/i1.wp.com\/interaccionnoticias.com.mx\/wp-content\/uploads\/2022\/08\/220802-Tlapa-de-Comonfort-1-1024x768.jpeg?ssl=1&w=640&resize=640&ssl=1 640w, https:\/\/i1.wp.com\/interaccionnoticias.com.mx\/wp-content\/uploads\/2022\/08\/220802-Tlapa-de-Comonfort-1-1024x768.jpeg?ssl=1&w=800&resize=800&ssl=1 800w, https:\/\/i1.wp.com\/interaccionnoticias.com.mx\/wp-content\/uploads\/2022\/08\/220802-Tlapa-de-Comonfort-1-1024x768.jpeg?ssl=1&w=1024&resize=1024&ssl=1 1024w, https:\/\/i1.wp.com\/interaccionnoticias.com.mx\/wp-content\/uploads\/2022\/08\/220802-Tlapa-de-Comonfort-1-1024x768.jpeg?ssl=1&w=1280&resize=1280&ssl=1 1280w, https:\/\/i1.wp.com\/interaccionnoticias.com.mx\/wp-content\/uploads\/2022\/08\/220802-Tlapa-de-Comonfort-1-1024x768.jpeg?ssl=1&w=1600&resize=1600&ssl=1 1600w\" fifu-data-src=\"https:\/\/i1.wp.com\/interaccionnoticias.com.mx\/wp-content\/uploads\/2022\/08\/220802-Tlapa-de-Comonfort-1-1024x768.jpeg?ssl=1\" alt=\"\" data-id=\"48604\" data-full-url=\"https:\/\/interaccionnoticias.com.mx\/wp-content\/uploads\/2022\/08\/220802-Tlapa-de-Comonfort-1.jpeg\" data-link=\"https:\/\/interaccionnoticias.com.mx\/?attachment_id=48604\" class=\"wp-image-48604\"\/><\/figure><\/li><li class=\"blocks-gallery-item\"><figure><img decoding=\"async\" src=\"data:image\/gif;base64,R0lGODlhAQABAIAAAAAAAP\/\/\/ywAAAAAAQABAAACAUwAOw==\" fifu-lazy=\"1\" fifu-data-sizes=\"auto\" fifu-data-srcset=\"https:\/\/i3.wp.com\/interaccionnoticias.com.mx\/wp-content\/uploads\/2022\/08\/220802-Tlapa-de-Comonfort-2.jpeg?ssl=1&w=75&resize=75&ssl=1 75w, https:\/\/i3.wp.com\/interaccionnoticias.com.mx\/wp-content\/uploads\/2022\/08\/220802-Tlapa-de-Comonfort-2.jpeg?ssl=1&w=100&resize=100&ssl=1 100w, https:\/\/i3.wp.com\/interaccionnoticias.com.mx\/wp-content\/uploads\/2022\/08\/220802-Tlapa-de-Comonfort-2.jpeg?ssl=1&w=150&resize=150&ssl=1 150w, https:\/\/i3.wp.com\/interaccionnoticias.com.mx\/wp-content\/uploads\/2022\/08\/220802-Tlapa-de-Comonfort-2.jpeg?ssl=1&w=240&resize=240&ssl=1 240w, https:\/\/i3.wp.com\/interaccionnoticias.com.mx\/wp-content\/uploads\/2022\/08\/220802-Tlapa-de-Comonfort-2.jpeg?ssl=1&w=320&resize=320&ssl=1 320w, https:\/\/i3.wp.com\/interaccionnoticias.com.mx\/wp-content\/uploads\/2022\/08\/220802-Tlapa-de-Comonfort-2.jpeg?ssl=1&w=500&resize=500&ssl=1 500w, https:\/\/i3.wp.com\/interaccionnoticias.com.mx\/wp-content\/uploads\/2022\/08\/220802-Tlapa-de-Comonfort-2.jpeg?ssl=1&w=640&resize=640&ssl=1 640w, https:\/\/i3.wp.com\/interaccionnoticias.com.mx\/wp-content\/uploads\/2022\/08\/220802-Tlapa-de-Comonfort-2.jpeg?ssl=1&w=800&resize=800&ssl=1 800w, https:\/\/i3.wp.com\/interaccionnoticias.com.mx\/wp-content\/uploads\/2022\/08\/220802-Tlapa-de-Comonfort-2.jpeg?ssl=1&w=1024&resize=1024&ssl=1 1024w, https:\/\/i3.wp.com\/interaccionnoticias.com.mx\/wp-content\/uploads\/2022\/08\/220802-Tlapa-de-Comonfort-2.jpeg?ssl=1&w=1280&resize=1280&ssl=1 1280w, https:\/\/i3.wp.com\/interaccionnoticias.com.mx\/wp-content\/uploads\/2022\/08\/220802-Tlapa-de-Comonfort-2.jpeg?ssl=1&w=1600&resize=1600&ssl=1 1600w\" fifu-data-src=\"https:\/\/i3.wp.com\/interaccionnoticias.com.mx\/wp-content\/uploads\/2022\/08\/220802-Tlapa-de-Comonfort-2.jpeg?ssl=1\" alt=\"\" data-id=\"48605\" data-full-url=\"https:\/\/i3.wp.com\/interaccionnoticias.com.mx\/wp-content\/uploads\/2022\/08\/220802-Tlapa-de-Comonfort-2.jpeg?ssl=1\" data-link=\"https:\/\/interaccionnoticias.com.mx\/?attachment_id=48605\" class=\"wp-image-48605\"\/><\/figure><\/li><\/ul><\/figure>\n","protected":false},"excerpt":{"rendered":"<p>&#8212; En la colonia El Dorado las y los vecinos agradecieron estas acciones que vienen a mejorar su calidad de vida. Tlapa de Comonfort a 2 de agosto de 2022.-&hellip; <\/p>\n","protected":false},"author":19,"featured_media":48605,"comment_status":"open","ping_status":"open","sticky":false,"template":"","format":"standard","meta":{"fifu_image_url":"","fifu_image_alt":"","footnotes":""},"categories":[23],"tags":[],"class_list":["post-48603","post","type-post","status-publish","format-standard","has-post-thumbnail","hentry","category-regionales"],"_links":{"self":[{"href":"https:\/\/www.interaccionnoticias.com.mx\/index.php?rest_route=\/wp\/v2\/posts\/48603","targetHints":{"allow":["GET"]}}],"collection":[{"href":"https:\/\/www.interaccionnoticias.com.mx\/index.php?rest_route=\/wp\/v2\/posts"}],"about":[{"href":"https:\/\/www.interaccionnoticias.com.mx\/index.php?rest_route=\/wp\/v2\/types\/post"}],"author":[{"embeddable":true,"href":"https:\/\/www.interaccionnoticias.com.mx\/index.php?rest_route=\/wp\/v2\/users\/19"}],"replies":[{"embeddable":true,"href":"https:\/\/www.interaccionnoticias.com.mx\/index.php?rest_route=%2Fwp%2Fv2%2Fcomments&post=48603"}],"version-history":[{"count":1,"href":"https:\/\/www.interaccionnoticias.com.mx\/index.php?rest_route=\/wp\/v2\/posts\/48603\/revisions"}],"predecessor-version":[{"id":48606,"href":"https:\/\/www.interaccionnoticias.com.mx\/index.php?rest_route=\/wp\/v2\/posts\/48603\/revisions\/48606"}],"wp:featuredmedia":[{"embeddable":true,"href":"https:\/\/www.interaccionnoticias.com.mx\/index.php?rest_route=\/wp\/v2\/media\/48605"}],"wp:attachment":[{"href":"https:\/\/www.interaccionnoticias.com.mx\/index.php?rest_route=%2Fwp%2Fv2%2Fmedia&parent=48603"}],"wp:term":[{"taxonomy":"category","embeddable":true,"href":"https:\/\/www.interaccionnoticias.com.mx\/index.php?rest_route=%2Fwp%2Fv2%2Fcategories&post=48603"},{"taxonomy":"post_tag","embeddable":true,"href":"https:\/\/www.interaccionnoticias.com.mx\/index.php?rest_route=%2Fwp%2Fv2%2Ftags&post=48603"}],"curies":[{"name":"wp","href":"https:\/\/api.w.org\/{rel}","templated":true}]}}