{"id":4860,"date":"2017-05-31T19:09:33","date_gmt":"2017-06-01T00:09:33","guid":{"rendered":"http:\/\/www.inter-accion.com.mx\/?p=4860"},"modified":"2017-05-31T19:09:33","modified_gmt":"2017-06-01T00:09:33","slug":"la-policia-de-guerrero-de-las-mejores-pagadas-haf","status":"publish","type":"post","link":"https:\/\/www.interaccionnoticias.com.mx\/?p=4860","title":{"rendered":"La polic\u00eda de Guerrero, de las mejores pagadas: HAF"},"content":{"rendered":"<p><strong>Asegura que el salario y los vi\u00e1ticos compensan<\/strong><br \/>\n<strong>Guerrero dej\u00f3 de ser \u00edcono de violencia, presume<\/strong><br \/>\n<strong>Acapulco, Gro.-<\/strong> Tras dos d\u00edas de paro laboral por elementos de Seguridad P\u00fablica de Guerrero, demandando mejores condiciones de trabajo, el mandatario estatal, H\u00e9ctor Astudillo Flores, afirm\u00f3 que los agentes de la corporaci\u00f3n son de las mejores pagadas en el pa\u00eds.<br \/>\n\u201cYo creo que todo lo que sea posible ayudar (a los polic\u00edas) hay que hacerlo como lo hemos hecho, hay que finalmente observar que la Polic\u00eda del Estado de Guerrero es una polic\u00eda que tiene uno de los mejores pagos en el pa\u00eds, por el asunto del complemento de los vi\u00e1ticos.<br \/>\n\u201cUn polic\u00eda de Guerrero gana, est\u00e1 colocado dentro de las polic\u00edas mejores pagadas en el pa\u00eds. Entonces yo creo que hay cosas que se pueden entender como las jornadas que se han trabajado recientemente, por asunto de la necesidad de los acontecimientos, pero esto no quiere decir que esto coloque en la posibilidad de resolver asuntos que est\u00e1n inviablemente desatendidas\u201d, dijo tras la presentaci\u00f3n de la plataforma web para comercializar productos.<br \/>\nEl gobernador matiz\u00f3 que el asunto de los elementos de Seguridad P\u00fablica debe ser tratado con mucho cuidado y sobre todo oportunidad por lo que adelant\u00f3 que se tomar\u00e1n algunas determinaciones, aunque no especific\u00f3 cu\u00e1les.<br \/>\n-\u00bfEl gobierno del estado ceder\u00e1 ante las demandas que est\u00e1n planteando los elementos de Seguridad P\u00fablica?*<br \/>\n-El gobierno debe ser sensible y el gobernador y todos, de que hay asuntos que pueden atenderse y que pueden resolverse de manera correcta, de manera razonable, hay otros asuntos que ni siquiera pueden ser sometidos a un an\u00e1lisis o una posibilidad de resolverse, como el caso de trabajar 3 d\u00edas y descansar 3 d\u00edas, eso representa trabajar la mitad del a\u00f1o y en ninguna parte del mundo un polic\u00eda trabaja as\u00ed, remarc\u00f3 Astudillo Flores.<br \/>\nTambi\u00e9n dijo que tiene que haber la disposici\u00f3n, razonamiento, sensibilidad, pero tambi\u00e9n debe existir la determinaci\u00f3n y firmeza para mantener la disciplina dentro de la corporaci\u00f3n.<br \/>\nDijo que Guerrero dej\u00f3 de ser un \u00edcono en violencia a nivel nacional y se\u00f1al\u00f3 que el pa\u00eds vive un momento muy dif\u00edcil.<br \/>\n\u201cEstamos observando una gran cantidad de ascenso en las cuestiones delincuenciales, (pero) Guerrero ya no es el tema que solamente antes sal\u00eda en la televisi\u00f3n y en los peri\u00f3dicos, yo creo que estamos viviendo una etapa complicada para el pa\u00eds\u201d, remarc\u00f3 el mandatario.<\/p>\n","protected":false},"excerpt":{"rendered":"<p>Asegura que el salario y los vi\u00e1ticos compensan Guerrero dej\u00f3 de ser \u00edcono de violencia, presume Acapulco, Gro.- Tras dos d\u00edas de paro laboral por elementos de Seguridad P\u00fablica de&hellip; <\/p>\n","protected":false},"author":1,"featured_media":0,"comment_status":"closed","ping_status":"closed","sticky":false,"template":"","format":"standard","meta":{"fifu_image_url":"","fifu_image_alt":"","footnotes":""},"categories":[8,11],"tags":[],"class_list":["post-4860","post","type-post","status-publish","format-standard","hentry","category-featured","category-guerrero"],"_links":{"self":[{"href":"https:\/\/www.interaccionnoticias.com.mx\/index.php?rest_route=\/wp\/v2\/posts\/4860","targetHints":{"allow":["GET"]}}],"collection":[{"href":"https:\/\/www.interaccionnoticias.com.mx\/index.php?rest_route=\/wp\/v2\/posts"}],"about":[{"href":"https:\/\/www.interaccionnoticias.com.mx\/index.php?rest_route=\/wp\/v2\/types\/post"}],"author":[{"embeddable":true,"href":"https:\/\/www.interaccionnoticias.com.mx\/index.php?rest_route=\/wp\/v2\/users\/1"}],"replies":[{"embeddable":true,"href":"https:\/\/www.interaccionnoticias.com.mx\/index.php?rest_route=%2Fwp%2Fv2%2Fcomments&post=4860"}],"version-history":[{"count":0,"href":"https:\/\/www.interaccionnoticias.com.mx\/index.php?rest_route=\/wp\/v2\/posts\/4860\/revisions"}],"wp:attachment":[{"href":"https:\/\/www.interaccionnoticias.com.mx\/index.php?rest_route=%2Fwp%2Fv2%2Fmedia&parent=4860"}],"wp:term":[{"taxonomy":"category","embeddable":true,"href":"https:\/\/www.interaccionnoticias.com.mx\/index.php?rest_route=%2Fwp%2Fv2%2Fcategories&post=4860"},{"taxonomy":"post_tag","embeddable":true,"href":"https:\/\/www.interaccionnoticias.com.mx\/index.php?rest_route=%2Fwp%2Fv2%2Ftags&post=4860"}],"curies":[{"name":"wp","href":"https:\/\/api.w.org\/{rel}","templated":true}]}}