{"id":48593,"date":"2022-08-02T15:07:36","date_gmt":"2022-08-02T20:07:36","guid":{"rendered":"https:\/\/interaccionnoticias.com.mx\/?p=48593"},"modified":"2022-08-02T15:07:41","modified_gmt":"2022-08-02T20:07:41","slug":"productores-de-aguacate-de-guerrero-piden-al-gobierno-federal-su-apoyo-para-la-certificacion","status":"publish","type":"post","link":"https:\/\/www.interaccionnoticias.com.mx\/?p=48593","title":{"rendered":"Productores de aguacate de Guerrero piden al gobierno federal su apoyo para la certificaci\u00f3n"},"content":{"rendered":"\n<p><strong><em>&#8212; Ese proceso permitir\u00e1 exportar el fruto a otros pa\u00edses<\/em><\/strong><\/p>\n\n\n\n<p><strong>Rosario Garc\u00eda Orozco<\/strong><\/p>\n\n\n\n<p><strong>Chilpancingo, Gro., 2 de agosto del 2022.-<\/strong> Productores de aguacate Hass de la zona centro de Guerrero piden al gobierno federal su apoyo para lograr la certificaci\u00f3n de ese fruto y sea posible exportarlo a otros pa\u00edses como Estados Unidos, que es donde m\u00e1s de se vende.<\/p>\n\n\n\n<p>Rogelio Gonz\u00e1lez Mosso, presidente de la Asociaci\u00f3n de Productores y Empacadores de Aguacate de la Zona Centro de Guerrero, dijo que el fruto que producen las tierras de Guerrero es de buena calidad, \u00abel detalle es que nos falta la certificaci\u00f3n para poder exportar y competir en los mercados de otros pa\u00edses\u00bb.<\/p>\n\n\n\n<p>Coment\u00f3 que la actual temporada se produjeron por lo menos 200 toneladas de aguacate Hass, \u00abde muy buena calidad\u00bb, pero que se vende a Michoac\u00e1n y Jalisco que s\u00ed lo exportan el producto porque cuentan con la certificaci\u00f3n, \u00ablo que pasa es que esos estados est\u00e1n m\u00e1s avanzados en esos procesos, son m\u00e1s reconocidos, y los apoya m\u00e1s el gobierno federal, y nosotros somos nuevos en la producci\u00f3n de este fruto\u00bb.<\/p>\n\n\n\n<p>Dijo que en Carrizal de Bravo, municipio de Leonardo Bravo se instal\u00f3 una empacadora de aguacate, que da empleo a los habitantes de la zona y permite su desarrollo econ\u00f3mico, pero el dirigente reconoci\u00f3 que hace falta mucho m\u00e1s para abastecer la demanda de producto de los estados de Michoac\u00e1n y Jalisco que s\u00ed cuentan con certificaci\u00f3n y tienen la posibilidad de exportarlo, principalmente a Estados Unidos.<\/p>\n\n\n\n<p>\u00abCuando reunimos la producci\u00f3n nos llegan compradores de Michoac\u00e1n y Jalisco, que son los m\u00e1s grandes compradores. Pero s\u00ed estamos buscando la certificaci\u00f3n de los huertos para poder vender a mercados extranjeros directamente\u00bb, dijo el l\u00edder de los productores de aguacate en la zona centro.<\/p>\n\n\n\n<p>Adelant\u00f3 que se han reunido con funcionarios de la Secretar\u00eda de Agricultura y Desarrollo Rural (Sader), pero es lento el proceso y se requiere darle mayor celeridad, y tambi\u00e9n se han reunido con funcionarios del gobierno del estado para avanzar con el proceso de Inocuidad o sanidad vegetal, \u00abque son los principales pasos que se deben seguir para lograr la certificaci\u00f3n, y en ese aspecto apenas vamos al 50 por ciento de avance\u00bb.<\/p>\n","protected":false},"excerpt":{"rendered":"<p>&#8212; Ese proceso permitir\u00e1 exportar el fruto a otros pa\u00edses Rosario Garc\u00eda Orozco Chilpancingo, Gro., 2 de agosto del 2022.- Productores de aguacate Hass de la zona centro de Guerrero&hellip; <\/p>\n","protected":false},"author":14,"featured_media":48594,"comment_status":"open","ping_status":"open","sticky":false,"template":"","format":"standard","meta":{"fifu_image_url":"","fifu_image_alt":"","footnotes":""},"categories":[11],"tags":[],"class_list":["post-48593","post","type-post","status-publish","format-standard","has-post-thumbnail","hentry","category-guerrero"],"_links":{"self":[{"href":"https:\/\/www.interaccionnoticias.com.mx\/index.php?rest_route=\/wp\/v2\/posts\/48593","targetHints":{"allow":["GET"]}}],"collection":[{"href":"https:\/\/www.interaccionnoticias.com.mx\/index.php?rest_route=\/wp\/v2\/posts"}],"about":[{"href":"https:\/\/www.interaccionnoticias.com.mx\/index.php?rest_route=\/wp\/v2\/types\/post"}],"author":[{"embeddable":true,"href":"https:\/\/www.interaccionnoticias.com.mx\/index.php?rest_route=\/wp\/v2\/users\/14"}],"replies":[{"embeddable":true,"href":"https:\/\/www.interaccionnoticias.com.mx\/index.php?rest_route=%2Fwp%2Fv2%2Fcomments&post=48593"}],"version-history":[{"count":1,"href":"https:\/\/www.interaccionnoticias.com.mx\/index.php?rest_route=\/wp\/v2\/posts\/48593\/revisions"}],"predecessor-version":[{"id":48595,"href":"https:\/\/www.interaccionnoticias.com.mx\/index.php?rest_route=\/wp\/v2\/posts\/48593\/revisions\/48595"}],"wp:featuredmedia":[{"embeddable":true,"href":"https:\/\/www.interaccionnoticias.com.mx\/index.php?rest_route=\/wp\/v2\/media\/48594"}],"wp:attachment":[{"href":"https:\/\/www.interaccionnoticias.com.mx\/index.php?rest_route=%2Fwp%2Fv2%2Fmedia&parent=48593"}],"wp:term":[{"taxonomy":"category","embeddable":true,"href":"https:\/\/www.interaccionnoticias.com.mx\/index.php?rest_route=%2Fwp%2Fv2%2Fcategories&post=48593"},{"taxonomy":"post_tag","embeddable":true,"href":"https:\/\/www.interaccionnoticias.com.mx\/index.php?rest_route=%2Fwp%2Fv2%2Ftags&post=48593"}],"curies":[{"name":"wp","href":"https:\/\/api.w.org\/{rel}","templated":true}]}}