{"id":48575,"date":"2022-08-02T13:14:29","date_gmt":"2022-08-02T18:14:29","guid":{"rendered":"https:\/\/interaccionnoticias.com.mx\/?p=48575"},"modified":"2022-08-02T13:14:35","modified_gmt":"2022-08-02T18:14:35","slug":"mueren-tres-personas-por-covid-19-en-guerrero-durante-las-ultimas-24-horas","status":"publish","type":"post","link":"https:\/\/www.interaccionnoticias.com.mx\/?p=48575","title":{"rendered":"Mueren tres personas por Covid-19 en Guerrero, durante las \u00faltimas 24 horas"},"content":{"rendered":"\n<p>&#8212; Sector Salud reporta 2 mil 206 casos activos en la entidad<\/p>\n\n\n\n<p>Rogelio Agust\u00edn<\/p>\n\n\n\n<p>Chilpancingo, Gro., 02 de agosto 2022.- La Secretar\u00eda de Salud confirm\u00f3 tres muertes por Covid-19 en diferentes puntos del estado de Guerrero, en las \u00faltimas horas se conformaron 86 casos positivos y Chilpancingo se mantiene como la ciudad m\u00e1s afectada.<\/p>\n\n\n\n<p>La ma\u00f1ana del martes 2 de agosto, la Secretar\u00eda de Salud hizo un llamado a la poblaci\u00f3n para mantener las medidas sanitarias correspondientes, con la intenci\u00f3n de evitar la propagaci\u00f3n del COVID-19, pues los contagios se mantienen.<\/p>\n\n\n\n<p>Hasta este d\u00eda, Guerrero registra 2 mil ,206 casos, de los cuales 86 se confirmaron en las \u00faltimas 24 horas, adem\u00e1s del dato de tres personas muertas por el virus.<\/p>\n\n\n\n<p>De acuerdo con la Secretar\u00eda de Salud, Guerrero est\u00e1 en el lugar n\u00famero 21 en casos activos, los 2 mil 206 se distribuyen en 62 municipios, Chilpancingo es el m\u00e1s afectado con 779; Acapulco con 376; Taxco, 193; Iguala, 160; Zihuatanejo, 116; Ometepec, 93; Tlapa, 84; Chilapa, 78; Tixtla, 25 y Ayutla de los Libres tiene 18.<\/p>\n\n\n\n<p>Desde que inicio la pandemia, Guerrero acumula 112 mil 009 casos confirmados y 6 mil 800 defunciones por Covid-19.<\/p>\n\n\n\n<p>El porcentaje de ocupaci\u00f3n de camas para atenci\u00f3n a pacientes por la pandemia es del 21%.<\/p>\n","protected":false},"excerpt":{"rendered":"<p>&#8212; Sector Salud reporta 2 mil 206 casos activos en la entidad Rogelio Agust\u00edn Chilpancingo, Gro., 02 de agosto 2022.- La Secretar\u00eda de Salud confirm\u00f3 tres muertes por Covid-19 en&hellip; <\/p>\n","protected":false},"author":21,"featured_media":48576,"comment_status":"open","ping_status":"open","sticky":false,"template":"","format":"standard","meta":{"fifu_image_url":"","fifu_image_alt":"","footnotes":""},"categories":[3],"tags":[],"class_list":["post-48575","post","type-post","status-publish","format-standard","has-post-thumbnail","hentry","category-covid-19"],"_links":{"self":[{"href":"https:\/\/www.interaccionnoticias.com.mx\/index.php?rest_route=\/wp\/v2\/posts\/48575","targetHints":{"allow":["GET"]}}],"collection":[{"href":"https:\/\/www.interaccionnoticias.com.mx\/index.php?rest_route=\/wp\/v2\/posts"}],"about":[{"href":"https:\/\/www.interaccionnoticias.com.mx\/index.php?rest_route=\/wp\/v2\/types\/post"}],"author":[{"embeddable":true,"href":"https:\/\/www.interaccionnoticias.com.mx\/index.php?rest_route=\/wp\/v2\/users\/21"}],"replies":[{"embeddable":true,"href":"https:\/\/www.interaccionnoticias.com.mx\/index.php?rest_route=%2Fwp%2Fv2%2Fcomments&post=48575"}],"version-history":[{"count":1,"href":"https:\/\/www.interaccionnoticias.com.mx\/index.php?rest_route=\/wp\/v2\/posts\/48575\/revisions"}],"predecessor-version":[{"id":48577,"href":"https:\/\/www.interaccionnoticias.com.mx\/index.php?rest_route=\/wp\/v2\/posts\/48575\/revisions\/48577"}],"wp:featuredmedia":[{"embeddable":true,"href":"https:\/\/www.interaccionnoticias.com.mx\/index.php?rest_route=\/wp\/v2\/media\/48576"}],"wp:attachment":[{"href":"https:\/\/www.interaccionnoticias.com.mx\/index.php?rest_route=%2Fwp%2Fv2%2Fmedia&parent=48575"}],"wp:term":[{"taxonomy":"category","embeddable":true,"href":"https:\/\/www.interaccionnoticias.com.mx\/index.php?rest_route=%2Fwp%2Fv2%2Fcategories&post=48575"},{"taxonomy":"post_tag","embeddable":true,"href":"https:\/\/www.interaccionnoticias.com.mx\/index.php?rest_route=%2Fwp%2Fv2%2Ftags&post=48575"}],"curies":[{"name":"wp","href":"https:\/\/api.w.org\/{rel}","templated":true}]}}