{"id":48572,"date":"2022-08-01T21:00:16","date_gmt":"2022-08-02T02:00:16","guid":{"rendered":"https:\/\/interaccionnoticias.com.mx\/?p=48572"},"modified":"2022-08-01T21:00:20","modified_gmt":"2022-08-02T02:00:20","slug":"en-guerrero-hay-mil-723-desplazados-en-por-lo-menos-11-puntos","status":"publish","type":"post","link":"https:\/\/www.interaccionnoticias.com.mx\/?p=48572","title":{"rendered":"En Guerrero hay mil 723 desplazados en por lo menos 11 puntos"},"content":{"rendered":"\n<p><strong><em>&#8212; Pertenecen a 479 familias, el gobierno asegura que las atiende de manera integral<\/em><\/strong><\/p>\n\n\n\n<p><strong>Rosario Garc\u00eda Orozco<\/strong><\/p>\n\n\n\n<p><strong>Chilpancingo, Gro., 1 de agosto del 2022.-<\/strong> En Guerrero se tiene un registro oficial de 479 familias desplazadas por violencia, compuestas por mil 723 guerrerenses dispersos en por lo menos 11 puntos de refugio, el gobierno sostiene que lo atiende de manera integral.<\/p>\n\n\n\n<p>La jornada del lunes, la gobernadora Evelyn Salgado Pineda dio el banderazo de arranque al programa de Apoyos Prioritarios para Desplazados, que integra diferentes beneficios.<\/p>\n\n\n\n<p>El evento, que se llev\u00f3 a cabo en la residencia oficial Casa Guerrero, Salgado Pineda explic\u00f3 que adem\u00e1s de la entrega de apoyos materiales, tambi\u00e9n se ofrece orientaci\u00f3n psicol\u00f3gica y legal, pl\u00e1ticas sobre prevenci\u00f3n de violencia de g\u00e9nero, consultas m\u00e9dicas con dotaci\u00f3n de medicamentos de forma gratuita, adem\u00e1s de paquetes que incluyen material did\u00e1ctico y proyectos productivos.<\/p>\n\n\n\n<p>La gobernadora reconoci\u00f3 que en Guerrero nadie deber\u00eda estar en la necesidad de abandonar su lugar de origen, mucho menos por una situaci\u00f3n de violencia.<\/p>\n\n\n\n<p>Por esa raz\u00f3n, sostuvo que su administraci\u00f3n trabaja todos los d\u00edas para mejorar las condiciones de vida de los guerrerenses.<\/p>\n\n\n\n<p>El banderazo se dio a camiones y camionetas con apoyos como l\u00e1minas galvanizadas, cemento, tablas de madera, tinacos y despensas.<\/p>\n\n\n\n<p>Adem\u00e1s, los titulares de diferentes secretarias de la administraci\u00f3n estatal realizar\u00e1n visitas a las comunidades donde actualmente radican de manera provisional las familias desplazadas, con la intenci\u00f3n de llevarles los programas de orientaci\u00f3n legal, psicol\u00f3gica, talleres, insumos b\u00e1sicos de salud, y para atender la demanda educativa de ni\u00f1os y j\u00f3venes.<\/p>\n\n\n\n<p>Indic\u00f3 que los desplazados \u201cno est\u00e1n solos\u201d, pues los funcionarios estatales tienen la consigna de impular trabajos encaminados a restablecer el tejido social.<\/p>\n\n\n\n<p>El Secretario General de Gobierno, Ludwig Marcial Reynoso N\u00fa\u00f1ez explic\u00f3 que hay en Guerrero 11 grupos de desplazados, entre elos el de La Laguna, municipio de Coyuca de Catal\u00e1n; La Uni\u00f3n y Tepango en el municipio de Ayutla de los Libres; Zihuaquio, comunidad que ya retorn\u00f3 a su lugar de origen.<\/p>\n\n\n\n<p>De San Miguel Totolapan se tiene a los desplazados de Laguna de Huayanalco, Hacienda Vieja y Chimotla establecidos en la Costa Grande.<\/p>\n\n\n\n<p>Tambi\u00e9n se tiene registrados a los pobladores de Linda Vista y las Conchitas, mientras que de Chilapa se tiene a los desplazados de Ahuihiyuco y Tepozcuahutla.<\/p>\n\n\n\n<p>De Zitlala se atiende a quienes salieron de Quetzalcualtlan de las Palmas, que en su mayor\u00eda ya regres\u00f3 y Tlaltempanapa establecidos, adem\u00e1s de San Felipe del Ocote, municipio de Apaxtla de Castrej\u00f3n y habitantes de diferentes localidades de Leonardo Bravo.<\/p>\n\n\n\n<p>El registro es de 479 familias desplazadas, con un total de mil 723 personas, a quienes desde el mes de octubre pasado a la fecha se les han entregado mil 812 despensas dentro del programa alimentario, adem\u00e1s de colchonetas, cobertores, material de limpieza y material did\u00e1ctico, medicamento del cuadro b\u00e1sico y otros apoyos.<\/p>\n\n\n\n<p>Los beneficios que partieron este lunes representan un gasto de 4 millones de pesos.<\/p>\n","protected":false},"excerpt":{"rendered":"<p>&#8212; Pertenecen a 479 familias, el gobierno asegura que las atiende de manera integral Rosario Garc\u00eda Orozco Chilpancingo, Gro., 1 de agosto del 2022.- En Guerrero se tiene un registro&hellip; <\/p>\n","protected":false},"author":14,"featured_media":48573,"comment_status":"open","ping_status":"open","sticky":false,"template":"","format":"standard","meta":{"fifu_image_url":"","fifu_image_alt":"","footnotes":""},"categories":[11],"tags":[],"class_list":["post-48572","post","type-post","status-publish","format-standard","has-post-thumbnail","hentry","category-guerrero"],"_links":{"self":[{"href":"https:\/\/www.interaccionnoticias.com.mx\/index.php?rest_route=\/wp\/v2\/posts\/48572","targetHints":{"allow":["GET"]}}],"collection":[{"href":"https:\/\/www.interaccionnoticias.com.mx\/index.php?rest_route=\/wp\/v2\/posts"}],"about":[{"href":"https:\/\/www.interaccionnoticias.com.mx\/index.php?rest_route=\/wp\/v2\/types\/post"}],"author":[{"embeddable":true,"href":"https:\/\/www.interaccionnoticias.com.mx\/index.php?rest_route=\/wp\/v2\/users\/14"}],"replies":[{"embeddable":true,"href":"https:\/\/www.interaccionnoticias.com.mx\/index.php?rest_route=%2Fwp%2Fv2%2Fcomments&post=48572"}],"version-history":[{"count":1,"href":"https:\/\/www.interaccionnoticias.com.mx\/index.php?rest_route=\/wp\/v2\/posts\/48572\/revisions"}],"predecessor-version":[{"id":48574,"href":"https:\/\/www.interaccionnoticias.com.mx\/index.php?rest_route=\/wp\/v2\/posts\/48572\/revisions\/48574"}],"wp:featuredmedia":[{"embeddable":true,"href":"https:\/\/www.interaccionnoticias.com.mx\/index.php?rest_route=\/wp\/v2\/media\/48573"}],"wp:attachment":[{"href":"https:\/\/www.interaccionnoticias.com.mx\/index.php?rest_route=%2Fwp%2Fv2%2Fmedia&parent=48572"}],"wp:term":[{"taxonomy":"category","embeddable":true,"href":"https:\/\/www.interaccionnoticias.com.mx\/index.php?rest_route=%2Fwp%2Fv2%2Fcategories&post=48572"},{"taxonomy":"post_tag","embeddable":true,"href":"https:\/\/www.interaccionnoticias.com.mx\/index.php?rest_route=%2Fwp%2Fv2%2Ftags&post=48572"}],"curies":[{"name":"wp","href":"https:\/\/api.w.org\/{rel}","templated":true}]}}