{"id":48539,"date":"2022-08-01T14:42:31","date_gmt":"2022-08-01T19:42:31","guid":{"rendered":"https:\/\/interaccionnoticias.com.mx\/?p=48539"},"modified":"2022-08-01T14:42:36","modified_gmt":"2022-08-01T19:42:36","slug":"irregularidades-de-la-eleccion-interna-retrasa-el-nombramiento-de-la-dirigencia-estatal-de-morena","status":"publish","type":"post","link":"https:\/\/www.interaccionnoticias.com.mx\/?p=48539","title":{"rendered":"Irregularidades de la elecci\u00f3n interna, retrasa el nombramiento de la dirigencia estatal de Morena"},"content":{"rendered":"\n<p><strong><em>&#8212; Se tiene que reponer la elecci\u00f3n donde se quemaron las urnas<\/em><\/strong><\/p>\n\n\n\n<p><strong>Rogelio Agust\u00edn<\/strong><\/p>\n\n\n\n<p>Las irregularidades registradas el s\u00e1bado pasado, particularmente en Ayutla, Ometepec y Acapulco retrasar\u00e1n la integraci\u00f3n del Consejo Estatal y la eleccion de la nueva dirigencia estatal de Morena-Guerrero, advirti\u00f3 el ex representante de dicho partido ante los \u00f3rganos electorales.<\/p>\n\n\n\n<p>De acuerdo con la convocatoria emitida por el Comit\u00e9 Ejecutivo Nacional (CEN), una vez superada la elecci\u00f3n del 30 y 31 de julio, los 90 consejeros electos deber\u00edan reunirse el proximo 6 de agosto para integrar la Mesa Directiva del Consejo Estatal y tambi\u00e9n para elegir al presidente del Comit\u00e9 Ejecutivo Estatal (CEE).<\/p>\n\n\n\n<p>Sin embargo, para estar en condiciones de dar dichos pasos, en Guerrero se deber\u00edan tener electos a los 90 consejeros y actualmente faltan 20, a partir de que las elecciones se suspendieron en dos distritos; el 08, correspondiente a la Costa Chica y el 09 del puerto de Acapulco.<\/p>\n\n\n\n<p>Montes Carrillo refiere que las elecciones se deben repetir en el distrito 08, una vez que se registr\u00f3 la quema de urnas en Ayutla y en Ometepec se acord\u00f3 la suspensi\u00f3n de la contienda, solamente logr\u00f3 cerrarse debidamente en San Marcos.<\/p>\n\n\n\n<p>En el caso del distrito 09, de los tres puntos de votaci\u00f3n se reventaron dos a partir de los enfrentamientos entre grupos de militantes en la unidad deportiva Jorge Campos y la colonia Llano Largo.<\/p>\n\n\n\n<p>Al no haber concluido adecuadamente la jornada, los 10 consejeros del distrito 08 y los 10 del 09 todav\u00eda est\u00e1n pendientes.<\/p>\n\n\n\n<p>Eso imposibilita que se puedan reunir los 90 consejeros el proximo 6 de junio, porque formalmente hacen falta 20, lo que solamente se podr\u00e1 completar cuando se reponga la elecci\u00f3n.<\/p>\n\n\n\n<p>Para Montes Carrillo, lo que se vivi\u00f3 este fin de semana super\u00f3 en mucho las expectativas que se ten\u00edan, por la forma en que intervinieron funcionarios del Gobierno del Estado, presidentes municipales, diputados locales y hasta dirigentes en funciones.<\/p>\n\n\n\n<p>Frente a todo el aparato que se movi\u00f3, el ex representante de Morena ante los \u00f3rganos electorales sostiene que cualquier militante fundador vio cerrada la posibilidad de participar como candidato, pues practicamente se les avasall\u00f3.<\/p>\n","protected":false},"excerpt":{"rendered":"<p>&#8212; Se tiene que reponer la elecci\u00f3n donde se quemaron las urnas Rogelio Agust\u00edn Las irregularidades registradas el s\u00e1bado pasado, particularmente en Ayutla, Ometepec y Acapulco retrasar\u00e1n la integraci\u00f3n del&hellip; <\/p>\n","protected":false},"author":21,"featured_media":48540,"comment_status":"open","ping_status":"open","sticky":false,"template":"","format":"standard","meta":{"fifu_image_url":"","fifu_image_alt":"","footnotes":""},"categories":[18],"tags":[],"class_list":["post-48539","post","type-post","status-publish","format-standard","has-post-thumbnail","hentry","category-partidos-politicos"],"_links":{"self":[{"href":"https:\/\/www.interaccionnoticias.com.mx\/index.php?rest_route=\/wp\/v2\/posts\/48539","targetHints":{"allow":["GET"]}}],"collection":[{"href":"https:\/\/www.interaccionnoticias.com.mx\/index.php?rest_route=\/wp\/v2\/posts"}],"about":[{"href":"https:\/\/www.interaccionnoticias.com.mx\/index.php?rest_route=\/wp\/v2\/types\/post"}],"author":[{"embeddable":true,"href":"https:\/\/www.interaccionnoticias.com.mx\/index.php?rest_route=\/wp\/v2\/users\/21"}],"replies":[{"embeddable":true,"href":"https:\/\/www.interaccionnoticias.com.mx\/index.php?rest_route=%2Fwp%2Fv2%2Fcomments&post=48539"}],"version-history":[{"count":1,"href":"https:\/\/www.interaccionnoticias.com.mx\/index.php?rest_route=\/wp\/v2\/posts\/48539\/revisions"}],"predecessor-version":[{"id":48541,"href":"https:\/\/www.interaccionnoticias.com.mx\/index.php?rest_route=\/wp\/v2\/posts\/48539\/revisions\/48541"}],"wp:featuredmedia":[{"embeddable":true,"href":"https:\/\/www.interaccionnoticias.com.mx\/index.php?rest_route=\/wp\/v2\/media\/48540"}],"wp:attachment":[{"href":"https:\/\/www.interaccionnoticias.com.mx\/index.php?rest_route=%2Fwp%2Fv2%2Fmedia&parent=48539"}],"wp:term":[{"taxonomy":"category","embeddable":true,"href":"https:\/\/www.interaccionnoticias.com.mx\/index.php?rest_route=%2Fwp%2Fv2%2Fcategories&post=48539"},{"taxonomy":"post_tag","embeddable":true,"href":"https:\/\/www.interaccionnoticias.com.mx\/index.php?rest_route=%2Fwp%2Fv2%2Ftags&post=48539"}],"curies":[{"name":"wp","href":"https:\/\/api.w.org\/{rel}","templated":true}]}}