{"id":48533,"date":"2022-08-01T14:38:09","date_gmt":"2022-08-01T19:38:09","guid":{"rendered":"https:\/\/interaccionnoticias.com.mx\/?p=48533"},"modified":"2022-08-01T14:38:14","modified_gmt":"2022-08-01T19:38:14","slug":"gobernadora-de-guerrero-se-deslinda-del-proceso-interno-de-morena","status":"publish","type":"post","link":"https:\/\/www.interaccionnoticias.com.mx\/?p=48533","title":{"rendered":"Gobernadora de Guerrero se deslinda del proceso interno de Morena"},"content":{"rendered":"\n<p><strong><em>&#8212; Evelyn Salgado asegura que se mantuvo completamente al margen<\/em><\/strong><\/p>\n\n\n\n<p><strong>Jes\u00fas Dorantes<\/strong><\/p>\n\n\n\n<p><strong>Chilpancingo, Gro.- <\/strong>La titular del Poder Ejecutivo local, Evelyn Salgado Pineda desalind\u00f3 a su gobierno de cualquier intervenci\u00f3n en el proceso interno de Morena, mismo que se sali\u00f3 de control en municipios como Acapulco, Ayutla de los Libres y Tlapa.<\/p>\n\n\n\n<p>La gobernadora sostuvo que ella estuvo completamente al margen del proceso de elecci\u00f3n de congresistas y consejeros de Morena, por lo que a pesar de ser militante activa, decidi\u00f3 no acudir a los centros de votaci\u00f3n durante la contienda interna del d\u00eda s\u00e1bado, para que no se malinterpretara su presencia.<\/p>\n\n\n\n<p>De esa manera, refiri\u00f3 que no existe el registro de ninguna imagen de ella en los centros de votaci\u00f3n, para que no se piense que intent\u00f3 tener alg\u00fan tipo de influencia a favor de alguno de los contendientes.<\/p>\n\n\n\n<p>En conseciencia, descart\u00f3 que alguien tuviera la oportunidad de utilizar alg\u00fan programa o recurso p\u00fablico para incidir en el proceso de elecci\u00f3n de su partido.<\/p>\n\n\n\n<p>En el caso de los funcionarios de su gabinete que se registraron para contender como consejeros, indic\u00f3 que ninguno le inform\u00f3 o pidi\u00f3 autorizaci\u00f3n para hacerlo<\/p>\n\n\n\n<p>\u201cEn ning\u00fan momento me pidieron autorizaci\u00f3n para hacerlo, no he hablado todav\u00eda con los funcionarios sobre el tema, ellos de manera libre y como dicta la ley decidieron registrarse, muchos de ellos obviamente no quedaron, eso quiere decir que nosotros no metimos para nada la mano\u201d, anot\u00f3.<\/p>\n\n\n\n<p>En consecuencia, dijo que dejar\u00e1 en manos del parti\u00f3 resolver las anomal\u00edas que se hayan registrado, para que los organismos pertinentes procedan y sancionen a los que incurrieron en alguna falta durante el proceso interno.<\/p>\n","protected":false},"excerpt":{"rendered":"<p>&#8212; Evelyn Salgado asegura que se mantuvo completamente al margen Jes\u00fas Dorantes Chilpancingo, Gro.- La titular del Poder Ejecutivo local, Evelyn Salgado Pineda desalind\u00f3 a su gobierno de cualquier intervenci\u00f3n&hellip; <\/p>\n","protected":false},"author":8,"featured_media":48534,"comment_status":"open","ping_status":"open","sticky":false,"template":"","format":"standard","meta":{"fifu_image_url":"","fifu_image_alt":"","footnotes":""},"categories":[11],"tags":[],"class_list":["post-48533","post","type-post","status-publish","format-standard","has-post-thumbnail","hentry","category-guerrero"],"_links":{"self":[{"href":"https:\/\/www.interaccionnoticias.com.mx\/index.php?rest_route=\/wp\/v2\/posts\/48533","targetHints":{"allow":["GET"]}}],"collection":[{"href":"https:\/\/www.interaccionnoticias.com.mx\/index.php?rest_route=\/wp\/v2\/posts"}],"about":[{"href":"https:\/\/www.interaccionnoticias.com.mx\/index.php?rest_route=\/wp\/v2\/types\/post"}],"author":[{"embeddable":true,"href":"https:\/\/www.interaccionnoticias.com.mx\/index.php?rest_route=\/wp\/v2\/users\/8"}],"replies":[{"embeddable":true,"href":"https:\/\/www.interaccionnoticias.com.mx\/index.php?rest_route=%2Fwp%2Fv2%2Fcomments&post=48533"}],"version-history":[{"count":1,"href":"https:\/\/www.interaccionnoticias.com.mx\/index.php?rest_route=\/wp\/v2\/posts\/48533\/revisions"}],"predecessor-version":[{"id":48535,"href":"https:\/\/www.interaccionnoticias.com.mx\/index.php?rest_route=\/wp\/v2\/posts\/48533\/revisions\/48535"}],"wp:featuredmedia":[{"embeddable":true,"href":"https:\/\/www.interaccionnoticias.com.mx\/index.php?rest_route=\/wp\/v2\/media\/48534"}],"wp:attachment":[{"href":"https:\/\/www.interaccionnoticias.com.mx\/index.php?rest_route=%2Fwp%2Fv2%2Fmedia&parent=48533"}],"wp:term":[{"taxonomy":"category","embeddable":true,"href":"https:\/\/www.interaccionnoticias.com.mx\/index.php?rest_route=%2Fwp%2Fv2%2Fcategories&post=48533"},{"taxonomy":"post_tag","embeddable":true,"href":"https:\/\/www.interaccionnoticias.com.mx\/index.php?rest_route=%2Fwp%2Fv2%2Ftags&post=48533"}],"curies":[{"name":"wp","href":"https:\/\/api.w.org\/{rel}","templated":true}]}}