{"id":48530,"date":"2022-08-01T12:45:07","date_gmt":"2022-08-01T17:45:07","guid":{"rendered":"https:\/\/interaccionnoticias.com.mx\/?p=48530"},"modified":"2022-08-01T12:45:12","modified_gmt":"2022-08-01T17:45:12","slug":"alcaldesa-de-chilpancingo-reconoce-pesima-organizacion-en-la-eleccion-de-morena","status":"publish","type":"post","link":"https:\/\/www.interaccionnoticias.com.mx\/?p=48530","title":{"rendered":"Alcaldesa de Chilpancingo reconoce \u201cp\u00e9sima organizaci\u00f3n\u201d en la elecci\u00f3n de Morena"},"content":{"rendered":"\n<p>&#8212; No tuvieron visi\u00f3n los organizadores, asegura la jefa de Cabildo<\/p>\n\n\n\n<p>Jes\u00fas Dorantes<\/p>\n\n\n\n<p>Chilpancingo,Gro.- La jefa de Cabildo en la capital del estado, Norma Otilia Hern\u00e1ndez Mart\u00ednez calific\u00f3 como \u00abp\u00e9sima\u00bb la organizaci\u00f3n de las elecciones internas de Morena, realizadas el pasado 30 y 31 de julio.<\/p>\n\n\n\n<p>Durante la rueda de prensa matutina de cada lunes, la alcaldesa fue cuestionada sobre las irregularidades que se denunciaron durante la jornada del s\u00e1bado.<\/p>\n\n\n\n<p>Hern\u00e1ndez Mart\u00ednez asver\u00f3: \u201cMi percepci\u00f3n como militante puedo asegurar que hubo una p\u00e9sima organizaci\u00f3n p\u00e9sima, no se si no tuvieron visi\u00f3n los organizadores\u00bb.<\/p>\n\n\n\n<p>Asegur\u00f3 que sSer\u00e1n los ciudadanos y ciudadanas las que estar\u00e1n en su derecho de impugnar, pero siempre y cuando tengan las pruebas correspondientes.<\/p>\n\n\n\n<p>Por otra parte, descart\u00f3 tener alg\u00fan inter\u00e9s en formar parte de la dirigencia estatal de su partido, adem\u00e1s de recordar que la convocatoria fue clara, en el sentido de que solamente podr\u00edan registrarse militantes que se afiliaron en 2007.<\/p>\n\n\n\n<p>Insisti\u00f3 en que una vez que se presenten las impugnaciones correspondientes, dijo que ser\u00e1n las autoridades competentes las que deber\u00e1n sancionar y valorar las pruebas que se presenten, pues hasta el momento, la mayor parte de los indidentes se encuentran en las redes sociales.<br><\/p>\n","protected":false},"excerpt":{"rendered":"<p>&#8212; No tuvieron visi\u00f3n los organizadores, asegura la jefa de Cabildo Jes\u00fas Dorantes Chilpancingo,Gro.- La jefa de Cabildo en la capital del estado, Norma Otilia Hern\u00e1ndez Mart\u00ednez calific\u00f3 como \u00abp\u00e9sima\u00bb&hellip; <\/p>\n","protected":false},"author":8,"featured_media":48531,"comment_status":"open","ping_status":"open","sticky":false,"template":"","format":"standard","meta":{"fifu_image_url":"","fifu_image_alt":"","footnotes":""},"categories":[18],"tags":[],"class_list":["post-48530","post","type-post","status-publish","format-standard","has-post-thumbnail","hentry","category-partidos-politicos"],"_links":{"self":[{"href":"https:\/\/www.interaccionnoticias.com.mx\/index.php?rest_route=\/wp\/v2\/posts\/48530","targetHints":{"allow":["GET"]}}],"collection":[{"href":"https:\/\/www.interaccionnoticias.com.mx\/index.php?rest_route=\/wp\/v2\/posts"}],"about":[{"href":"https:\/\/www.interaccionnoticias.com.mx\/index.php?rest_route=\/wp\/v2\/types\/post"}],"author":[{"embeddable":true,"href":"https:\/\/www.interaccionnoticias.com.mx\/index.php?rest_route=\/wp\/v2\/users\/8"}],"replies":[{"embeddable":true,"href":"https:\/\/www.interaccionnoticias.com.mx\/index.php?rest_route=%2Fwp%2Fv2%2Fcomments&post=48530"}],"version-history":[{"count":1,"href":"https:\/\/www.interaccionnoticias.com.mx\/index.php?rest_route=\/wp\/v2\/posts\/48530\/revisions"}],"predecessor-version":[{"id":48532,"href":"https:\/\/www.interaccionnoticias.com.mx\/index.php?rest_route=\/wp\/v2\/posts\/48530\/revisions\/48532"}],"wp:featuredmedia":[{"embeddable":true,"href":"https:\/\/www.interaccionnoticias.com.mx\/index.php?rest_route=\/wp\/v2\/media\/48531"}],"wp:attachment":[{"href":"https:\/\/www.interaccionnoticias.com.mx\/index.php?rest_route=%2Fwp%2Fv2%2Fmedia&parent=48530"}],"wp:term":[{"taxonomy":"category","embeddable":true,"href":"https:\/\/www.interaccionnoticias.com.mx\/index.php?rest_route=%2Fwp%2Fv2%2Fcategories&post=48530"},{"taxonomy":"post_tag","embeddable":true,"href":"https:\/\/www.interaccionnoticias.com.mx\/index.php?rest_route=%2Fwp%2Fv2%2Ftags&post=48530"}],"curies":[{"name":"wp","href":"https:\/\/api.w.org\/{rel}","templated":true}]}}