{"id":4850,"date":"2017-05-31T19:04:07","date_gmt":"2017-06-01T00:04:07","guid":{"rendered":"http:\/\/www.inter-accion.com.mx\/?p=4850"},"modified":"2017-05-31T19:04:07","modified_gmt":"2017-06-01T00:04:07","slug":"inedito-el-despido-de-176-policias-estatales-en-guerrero","status":"publish","type":"post","link":"https:\/\/www.interaccionnoticias.com.mx\/?p=4850","title":{"rendered":"In\u00e9dito, el despido de 176 polic\u00edas estatales en Guerrero"},"content":{"rendered":"<p><br \/>\n<strong>Las 72 horas que hicieron crisis en la SSP<\/strong><br \/>\nLa Secretar\u00eda de Seguridad P\u00fablica (SSP) notific\u00f3 el despido de 176 elementos de la Polic\u00eda del Estado que participaron en un paro laboral que comenz\u00f3 la ma\u00f1ana del lunes 29 de mayo y culmin\u00f3 a las 15:00 horas del martes 30 mayo.<br \/>\nEn Guerrero no se tiene el antecedente &nbsp;de un despido colectivo de integrantes de una corporaci\u00f3n polic\u00edaca, aunque tampoco se hab\u00eda generado un movimiento parista con esas dimensiones.<br \/>\nEl paro inici\u00f3 alrededor de las 07:00 horas del lunes 29 de mayo, primero en el municipio de Chilapa, cuando alrededor de 50 elementos se concentraron en la Casa del Campesino y se\u00f1alaron que no saldr\u00edan a trabajar, hasta el tanto no se les modificara el esquema de seis d\u00edas de trabajo por tres de descanso, ya que el desgaste es importante y su rendimiento operativo disminuye.<br \/>\nM\u00e1s tarde, alrededor de las 10:00 horas, en Chilpancingo los elementos que fueron concentrados para atender una marcha de la Uni\u00f3n de Pueblos y Organizaciones del Estado de Guerrero (UPOEG) hicieron lo propio y se declararon en paro, reclamando el esquema de tres d\u00edas de trabajo por tres de descanso, adem\u00e1s del pago de un bono de riesgo y la entrega de equipo digno.<br \/>\nAlrededor de las 14:00 horas, representantes del \u00e1rea administrativa y financiera de la Secretar\u00eda de Seguridad P\u00fablica (SSP) se traslad\u00f3 al cuartel general de la polic\u00eda para solicitar dos cosas; que la manifestaci\u00f3n se desarrollara de manera pac\u00edfica y por escrito, enseguida solicitaron que los elementos regresaran a la operatividad, para efecto de no dejar a la poblaci\u00f3n desprotegida.<br \/>\nUna vez hecha la solicitud de la SSP, los enviados advirtieron que los paristas se colocaban en la posibilidad de ser despedidos, por incurrir en insubordinaci\u00f3n y desacato a las \u00f3rdenes superiores, lo que implica vulnerar la Ley 281 en materia de seguridad p\u00fablica.<br \/>\nFueron tres los enviados de la SSP que se retiraron en medio del abucheo de los uniformados, que los acusaron de asumir una actitud intimidatoria.<br \/>\nEsa noche, el general Pedro Almaz\u00e1n Cervantes, titular de la SSP infirm\u00f3 que los polic\u00edas involucrados en el paro en realidad eran 176, no los 650 que los elementos que estaban al frente aseguraban. &nbsp;&nbsp;&nbsp;&nbsp;<br \/>\nEn un comunicado dirigido a los medios, el militar al mando de la SSP refiri\u00f3 que tras el movimiento hab\u00eda actores extra\u00f1os interesados en generar inestailidad al seno de la corporaci\u00f3n. &nbsp;<br \/>\nPara la ma\u00f1ana del martes 30, el gobernador sostuvo una entrevista con diferentes medios de comunicaci\u00f3n, en ella manifest\u00f3 su disposici\u00f3n a resolver lo que resultaba viable, pero enfatiz\u00f3 que no ceder\u00eda en el aspecto de la jornada laboral de tres por tres, como lo planteaban los paristas.<br \/>\nAnticip\u00f3 que habr\u00edan sanciones y cort\u00f3 de tajo la posibilidad de acudir a dialogar al cuartel general de la polic\u00eda, como tambi\u00e9n lo reclamaban los paristas.<br \/>\nEsa declaraci\u00f3n fue crucial para que a las 15:00 horas del mismo martes, los paristas declararan conjurado el movimiento, pese a que no hab\u00edan alcanzado ning\u00fan acuerdo favorable para su causa.<br \/>\nDe las 15:00 a las 21:00 horas, los que permanec\u00edan en el cuartel no recib\u00edan indicaciones, por eso buscaron un acercamiento con los medios de comunicaci\u00f3n para dar a conocer a la opini\u00f3n p\u00fablica que ya estaban listos para salir a patrullar.<br \/>\n\u201cNo hemos conseguido nada, pero estamos conscientes del fuerte problema de inseguridad que hay en el estado y queremos actuar con profesionalismo\u201d, dijeron los estatales.<br \/>\nPara entonces ya hab\u00eda un equipo de abogados que se acerc\u00f3 para darles la asesor\u00eda legal que les permitir\u00eda mantenerse lejos del riesgo del despido.<br \/>\nPara las 09:00 horas del mi\u00e9rcoles 31, los inconformes ratificaron su disposici\u00f3n de salir a trabajar, pero denunciaron que tem\u00edan un despido masivo porque los mandos no se acercaban a dar las \u00f3rdenes correspondientes.<br \/>\n<strong>Del despido<\/strong><br \/>\nPara las 13:00 horas, personal del \u00e1rea administrativa de la SSP, acompa\u00f1ados del notario p\u00fablico n\u00famero 3, Hugo P\u00e9rez Ruano llegaron al cuartel para pegar en una de las paredes la notificaci\u00f3n de despido para los 176 elementos.<br \/>\nEn la notificaci\u00f3n por escrito estaban inscritos los nombres de los polic\u00edas cesados, a los que se solicit\u00f3 entregar de inmediato sus uniformes, armas, identificaciones y equipo policial.<br \/>\nTambi\u00e9n se indic\u00f3 en el documento que deber\u00edan pasar a la Secretar\u00eda de Finanzas del Gobierno &nbsp;estatal, para que se les pague el finiquito correspondiente.<br \/>\nEn un comunicado, el titular de la SSP, Pedro Almaz\u00e1n Cervantes indic\u00f3 que los polic\u00edas despedidos ser\u00e1n relevados por personal evaluado y capacitado para cumplir la funci\u00f3n policial. &nbsp;&nbsp;&nbsp;<br \/>\n\u201cEn ning\u00fan momento se desproteger\u00e1 a la sociedad\u201d, destac\u00f3 el comunicado del general Almaz\u00e1n Cervantes.<br \/>\n<strong>La marcha hacia la CEDH<\/strong><br \/>\nPara las 14:00 horas, los elementos notificados decidieron salir de su cuartel, por ello comenzaron a caminar sobre los carriles norte-sur de la Autopista del Sol, en la parte norte de la ciudad.<br \/>\nCaminaron sin obstruir la circulaci\u00f3n de los veh\u00edculos, sobre las aceras del boulevard Vicente Guerrero, la avenida de los Insurgentes y la Benito Ju\u00e1rez, hasta llegar a las instalaciones de la Comisi\u00f3n Estatal de Derechos Humanos (CEDH).<br \/>\nAh\u00ed fueron atendidos por el presidente, Ram\u00f3n Navarrete Magdaleno, a quien manifestaron que ya por la ma\u00f1ana hab\u00edan entregado una queja relacionada con las violaciones que han sufrido en sus derechos laborales.<br \/>\nNavarrete Magdaleno escuch\u00f3 los argumentos de los elementos inconformes, despu\u00e9s &nbsp;les sugiri\u00f3 integrar una comisi\u00f3n para comenzar a trabajar en la interlocuci\u00f3n con el gobierno estatal.<br \/>\nLos ahora polic\u00edas despedidos, se\u00f1alaron que todos ellos son jefes de familia, de tal manera que al colocarlos en la perspectiva del despido implica dejar sin sustento a cientos de familias guerrerenses.<br \/>\nEso, se\u00f1alaron que de manera inevitable perfila un serio conflicto social.<\/p>\n","protected":false},"excerpt":{"rendered":"<p>Las 72 horas que hicieron crisis en la SSP La Secretar\u00eda de Seguridad P\u00fablica (SSP) notific\u00f3 el despido de 176 elementos de la Polic\u00eda del Estado que participaron en un&hellip; <\/p>\n","protected":false},"author":1,"featured_media":0,"comment_status":"closed","ping_status":"closed","sticky":false,"template":"","format":"standard","meta":{"fifu_image_url":"","fifu_image_alt":"","footnotes":""},"categories":[8,15],"tags":[],"class_list":["post-4850","post","type-post","status-publish","format-standard","hentry","category-featured","category-movimientos-sociales"],"_links":{"self":[{"href":"https:\/\/www.interaccionnoticias.com.mx\/index.php?rest_route=\/wp\/v2\/posts\/4850","targetHints":{"allow":["GET"]}}],"collection":[{"href":"https:\/\/www.interaccionnoticias.com.mx\/index.php?rest_route=\/wp\/v2\/posts"}],"about":[{"href":"https:\/\/www.interaccionnoticias.com.mx\/index.php?rest_route=\/wp\/v2\/types\/post"}],"author":[{"embeddable":true,"href":"https:\/\/www.interaccionnoticias.com.mx\/index.php?rest_route=\/wp\/v2\/users\/1"}],"replies":[{"embeddable":true,"href":"https:\/\/www.interaccionnoticias.com.mx\/index.php?rest_route=%2Fwp%2Fv2%2Fcomments&post=4850"}],"version-history":[{"count":0,"href":"https:\/\/www.interaccionnoticias.com.mx\/index.php?rest_route=\/wp\/v2\/posts\/4850\/revisions"}],"wp:attachment":[{"href":"https:\/\/www.interaccionnoticias.com.mx\/index.php?rest_route=%2Fwp%2Fv2%2Fmedia&parent=4850"}],"wp:term":[{"taxonomy":"category","embeddable":true,"href":"https:\/\/www.interaccionnoticias.com.mx\/index.php?rest_route=%2Fwp%2Fv2%2Fcategories&post=4850"},{"taxonomy":"post_tag","embeddable":true,"href":"https:\/\/www.interaccionnoticias.com.mx\/index.php?rest_route=%2Fwp%2Fv2%2Ftags&post=4850"}],"curies":[{"name":"wp","href":"https:\/\/api.w.org\/{rel}","templated":true}]}}