{"id":4844,"date":"2017-05-31T14:33:00","date_gmt":"2017-05-31T19:33:00","guid":{"rendered":"http:\/\/www.inter-accion.com.mx\/?p=4844"},"modified":"2017-05-31T14:33:00","modified_gmt":"2017-05-31T19:33:00","slug":"despiden-a-176-policias-estatales-en-guerrero","status":"publish","type":"post","link":"https:\/\/www.interaccionnoticias.com.mx\/?p=4844","title":{"rendered":"Despiden a 176 polic\u00edas estatales en Guerrero"},"content":{"rendered":"<p><strong> Marchan sobre la Autopista del Sol<\/strong><br \/>\nLa Secretar\u00eda de Seguridad P\u00fablica (SSP) orden\u00f3 el despido de 176 elementos de la Polic\u00eda del Estado que participaron en un paro laboral que comenz\u00f3 el lunes y culmin\u00f3 la tarde del martes 30 mayo.<br \/>\nAunque los elementos declararon&nbsp; concluido el paro laboral desde las 15:00 horas del martes 30 de mayo, por lo que esperaban que en el transcurso del d\u00eda recibieran indicaciones de sus mandos para reincorporarse al servicio.<br \/>\nLleg\u00f3 la ma\u00f1ana del mi\u00e9rcoles y los mandos no se comunicaron con los elementos, raz\u00f3n por la que solicitaron la interlocuci\u00f3n del Congreso local y de la Comisi\u00f3n Estatal de Derechos Humanos (CEDH).<br \/>\nPara las 14:00 horas 176 elementos fueron notificados del despido ordenado por la SSP, raz\u00f3n por la que decidieron salir de su cuartel general, en em que permanecieron concentrados desde la ma\u00f1ana del lunes.<br \/>\nIniciaron una marcha sobre los carriles norte-sur de la Autopista del Sol, con la intenci\u00f3n de llegar a las instalaciones de la CEDH, en la avenida Benito Ju\u00e1rez, ubicada en el Centro de la Ciudad.<\/p>\n","protected":false},"excerpt":{"rendered":"<p>Marchan sobre la Autopista del Sol La Secretar\u00eda de Seguridad P\u00fablica (SSP) orden\u00f3 el despido de 176 elementos de la Polic\u00eda del Estado que participaron en un paro laboral que&hellip; <\/p>\n","protected":false},"author":1,"featured_media":0,"comment_status":"closed","ping_status":"closed","sticky":false,"template":"","format":"standard","meta":{"fifu_image_url":"","fifu_image_alt":"","footnotes":""},"categories":[8,27],"tags":[],"class_list":["post-4844","post","type-post","status-publish","format-standard","hentry","category-featured","category-seguridad-publica"],"_links":{"self":[{"href":"https:\/\/www.interaccionnoticias.com.mx\/index.php?rest_route=\/wp\/v2\/posts\/4844","targetHints":{"allow":["GET"]}}],"collection":[{"href":"https:\/\/www.interaccionnoticias.com.mx\/index.php?rest_route=\/wp\/v2\/posts"}],"about":[{"href":"https:\/\/www.interaccionnoticias.com.mx\/index.php?rest_route=\/wp\/v2\/types\/post"}],"author":[{"embeddable":true,"href":"https:\/\/www.interaccionnoticias.com.mx\/index.php?rest_route=\/wp\/v2\/users\/1"}],"replies":[{"embeddable":true,"href":"https:\/\/www.interaccionnoticias.com.mx\/index.php?rest_route=%2Fwp%2Fv2%2Fcomments&post=4844"}],"version-history":[{"count":0,"href":"https:\/\/www.interaccionnoticias.com.mx\/index.php?rest_route=\/wp\/v2\/posts\/4844\/revisions"}],"wp:attachment":[{"href":"https:\/\/www.interaccionnoticias.com.mx\/index.php?rest_route=%2Fwp%2Fv2%2Fmedia&parent=4844"}],"wp:term":[{"taxonomy":"category","embeddable":true,"href":"https:\/\/www.interaccionnoticias.com.mx\/index.php?rest_route=%2Fwp%2Fv2%2Fcategories&post=4844"},{"taxonomy":"post_tag","embeddable":true,"href":"https:\/\/www.interaccionnoticias.com.mx\/index.php?rest_route=%2Fwp%2Fv2%2Ftags&post=4844"}],"curies":[{"name":"wp","href":"https:\/\/api.w.org\/{rel}","templated":true}]}}