{"id":48415,"date":"2022-07-29T08:30:54","date_gmt":"2022-07-29T13:30:54","guid":{"rendered":"https:\/\/interaccionnoticias.com.mx\/?p=48415"},"modified":"2022-07-29T08:31:23","modified_gmt":"2022-07-29T13:31:23","slug":"dejen-de-hacer-el-mal-clamo-a-los-delincuentes-el-obispo-fray-jose-de-jesus-gonzalez-hernandez","status":"publish","type":"post","link":"https:\/\/www.interaccionnoticias.com.mx\/?p=48415","title":{"rendered":"\u201cDejen de hacer el mal\u201d, clam\u00f3 a los delincuentes el obispo Fray Jos\u00e9 de Jes\u00fas Gonz\u00e1lez Hern\u00e1ndez"},"content":{"rendered":"\n<p><strong><em>&#8212; Tras el atentado a balazos cometido contra un sacerdote en el municipio de Chilapa de \u00c1lvarez<\/em><\/strong><\/p>\n\n\n\n<p><strong>SNI<\/strong><\/p>\n\n\n\n<p>Cerca de la media noche, el obispo de la Di\u00f3cesis Chilpancingo-Chilapa emiti\u00f3 un comunicado donde lament\u00f3 el atentado cometido este jueves contra el presb\u00edtero Felipe V\u00e9lez Jim\u00e9nez, p\u00e1rroco de San Gerardo Mar\u00eda Mayela, de Iguala.<\/p>\n\n\n\n<p>Indic\u00f3 que el sacerdote \u201cse encuentra atendido por m\u00e9dicos especialistas\u201d, quienes informaron que se encuentra \u201cdelicado de salud, pero estable\u201d, lo que les da \u201cgran esperanza en su recuperaci\u00f3n\u201d.<\/p>\n\n\n\n<p>El obispo destac\u00f3 que la Iglesia Cat\u00f3lica trabaja en Guerrero en favor de la construcci\u00f3n de la paz y del tejido social, particularmente en la Di\u00f3cesis Chilpancingo-Chilapa.<\/p>\n\n\n\n<p>Por ello, manifest\u00f3 su extra\u00f1eza ante el atentado perpetrado este d\u00eda contra el sacerdote Felipe V\u00e9lez Jim\u00e9nez.<\/p>\n\n\n\n<p>\u201cCreemos no haber sido ocasi\u00f3n para este tipo de acciones violentas\u201d, sentenci\u00f3 en su comunicado.<\/p>\n\n\n\n<p>Asimismo, monse\u00f1or hizo un llamado abierto a la conversi\u00f3n de los criminales.<\/p>\n\n\n\n<p>\u201cNuestros hermanos, que con sus cr\u00edmenes y delitos siembran tanto dolor y muerte: Convi\u00e9rtanse al Se\u00f1or que nunca deja de amarnos. Dejen de hacer el mal\u201d, clam\u00f3.<\/p>\n\n\n\n<p>En su mensaje, explic\u00f3 a los delincuentes que \u201cDios Padre los ama mucho\u201d y por ello, los convoc\u00f3 \u201ca la conversi\u00f3n\u201d.<\/p>\n\n\n\n<p>Tambi\u00e9n se sum\u00f3 al reclamo social de \u201cun ambiente de paz, tranquilidad y seguridad en Guerrero\u201d.<\/p>\n\n\n\n<p>\u201cEl pueblo necesita saber que las autoridades e instituciones, responsables de la seguridad e impartici\u00f3n de justicia, est\u00e1n trabajando para protegerlo y cuidarlo, as\u00ed como estar seguros que la impunidad ya no es una constante en la impartici\u00f3n de justicia y atenci\u00f3n e investigaci\u00f3n de los hechos\u201d, asever\u00f3.<\/p>\n\n\n\n<p>Este jueves, el sacerdote Felipe V\u00e9lez Jim\u00e9nez fue atacado a balazos mientras conduc\u00eda su autom\u00f3vil en la colonia Los Claveles, en Chilapa.<\/p>\n\n\n\n<p>V\u00e9lez, quien es p\u00e1rroco de la iglesia de San Gerardo Mayela, ubicada en el municipio de Iguala, recibi\u00f3 un balazo en el p\u00f3mulo derecho.<\/p>\n\n\n\n<p>Por la tarde, la concatedral de Chilapa de \u00c1lvarez realiz\u00f3 una procesi\u00f3n con el Sant\u00edsimo Sacramento, dentro de las actividades convocadas por la Iglesia Cat\u00f3lica en el marco de la Jornada Nacional por la Paz.<\/p>\n\n\n\n<figure class=\"wp-block-gallery columns-2 is-cropped wp-block-gallery-1 is-layout-flex wp-block-gallery-is-layout-flex\"><ul class=\"blocks-gallery-grid\"><li class=\"blocks-gallery-item\"><figure><img decoding=\"async\" src=\"data:image\/gif;base64,R0lGODlhAQABAIAAAAAAAP\/\/\/ywAAAAAAQABAAACAUwAOw==\" fifu-lazy=\"1\" fifu-data-sizes=\"auto\" fifu-data-srcset=\"https:\/\/i3.wp.com\/interaccionnoticias.com.mx\/wp-content\/uploads\/2022\/07\/Fray-Jose-de-Jesus-Gonzalez-2-791x1024.jpeg?ssl=1&w=75&resize=75&ssl=1 75w, https:\/\/i3.wp.com\/interaccionnoticias.com.mx\/wp-content\/uploads\/2022\/07\/Fray-Jose-de-Jesus-Gonzalez-2-791x1024.jpeg?ssl=1&w=100&resize=100&ssl=1 100w, https:\/\/i3.wp.com\/interaccionnoticias.com.mx\/wp-content\/uploads\/2022\/07\/Fray-Jose-de-Jesus-Gonzalez-2-791x1024.jpeg?ssl=1&w=150&resize=150&ssl=1 150w, https:\/\/i3.wp.com\/interaccionnoticias.com.mx\/wp-content\/uploads\/2022\/07\/Fray-Jose-de-Jesus-Gonzalez-2-791x1024.jpeg?ssl=1&w=240&resize=240&ssl=1 240w, https:\/\/i3.wp.com\/interaccionnoticias.com.mx\/wp-content\/uploads\/2022\/07\/Fray-Jose-de-Jesus-Gonzalez-2-791x1024.jpeg?ssl=1&w=320&resize=320&ssl=1 320w, https:\/\/i3.wp.com\/interaccionnoticias.com.mx\/wp-content\/uploads\/2022\/07\/Fray-Jose-de-Jesus-Gonzalez-2-791x1024.jpeg?ssl=1&w=500&resize=500&ssl=1 500w, https:\/\/i3.wp.com\/interaccionnoticias.com.mx\/wp-content\/uploads\/2022\/07\/Fray-Jose-de-Jesus-Gonzalez-2-791x1024.jpeg?ssl=1&w=640&resize=640&ssl=1 640w, https:\/\/i3.wp.com\/interaccionnoticias.com.mx\/wp-content\/uploads\/2022\/07\/Fray-Jose-de-Jesus-Gonzalez-2-791x1024.jpeg?ssl=1&w=800&resize=800&ssl=1 800w, https:\/\/i3.wp.com\/interaccionnoticias.com.mx\/wp-content\/uploads\/2022\/07\/Fray-Jose-de-Jesus-Gonzalez-2-791x1024.jpeg?ssl=1&w=1024&resize=1024&ssl=1 1024w, https:\/\/i3.wp.com\/interaccionnoticias.com.mx\/wp-content\/uploads\/2022\/07\/Fray-Jose-de-Jesus-Gonzalez-2-791x1024.jpeg?ssl=1&w=1280&resize=1280&ssl=1 1280w, https:\/\/i3.wp.com\/interaccionnoticias.com.mx\/wp-content\/uploads\/2022\/07\/Fray-Jose-de-Jesus-Gonzalez-2-791x1024.jpeg?ssl=1&w=1600&resize=1600&ssl=1 1600w\" fifu-data-src=\"https:\/\/i3.wp.com\/interaccionnoticias.com.mx\/wp-content\/uploads\/2022\/07\/Fray-Jose-de-Jesus-Gonzalez-2-791x1024.jpeg?ssl=1\" alt=\"\" data-id=\"48417\" data-full-url=\"https:\/\/interaccionnoticias.com.mx\/wp-content\/uploads\/2022\/07\/Fray-Jose-de-Jesus-Gonzalez-2.jpeg\" data-link=\"https:\/\/interaccionnoticias.com.mx\/sociedad\/48415\/attachment\/fray-jose-de-jesus-gonzalez-2\/\" class=\"wp-image-48417\"\/><\/figure><\/li><li class=\"blocks-gallery-item\"><figure><img decoding=\"async\" src=\"data:image\/gif;base64,R0lGODlhAQABAIAAAAAAAP\/\/\/ywAAAAAAQABAAACAUwAOw==\" fifu-lazy=\"1\" fifu-data-sizes=\"auto\" fifu-data-srcset=\"https:\/\/i3.wp.com\/interaccionnoticias.com.mx\/wp-content\/uploads\/2022\/07\/Fray-Jose-de-Jesus-Gonzalez-1-798x1024.jpeg?ssl=1&w=75&resize=75&ssl=1 75w, https:\/\/i3.wp.com\/interaccionnoticias.com.mx\/wp-content\/uploads\/2022\/07\/Fray-Jose-de-Jesus-Gonzalez-1-798x1024.jpeg?ssl=1&w=100&resize=100&ssl=1 100w, https:\/\/i3.wp.com\/interaccionnoticias.com.mx\/wp-content\/uploads\/2022\/07\/Fray-Jose-de-Jesus-Gonzalez-1-798x1024.jpeg?ssl=1&w=150&resize=150&ssl=1 150w, https:\/\/i3.wp.com\/interaccionnoticias.com.mx\/wp-content\/uploads\/2022\/07\/Fray-Jose-de-Jesus-Gonzalez-1-798x1024.jpeg?ssl=1&w=240&resize=240&ssl=1 240w, https:\/\/i3.wp.com\/interaccionnoticias.com.mx\/wp-content\/uploads\/2022\/07\/Fray-Jose-de-Jesus-Gonzalez-1-798x1024.jpeg?ssl=1&w=320&resize=320&ssl=1 320w, https:\/\/i3.wp.com\/interaccionnoticias.com.mx\/wp-content\/uploads\/2022\/07\/Fray-Jose-de-Jesus-Gonzalez-1-798x1024.jpeg?ssl=1&w=500&resize=500&ssl=1 500w, https:\/\/i3.wp.com\/interaccionnoticias.com.mx\/wp-content\/uploads\/2022\/07\/Fray-Jose-de-Jesus-Gonzalez-1-798x1024.jpeg?ssl=1&w=640&resize=640&ssl=1 640w, https:\/\/i3.wp.com\/interaccionnoticias.com.mx\/wp-content\/uploads\/2022\/07\/Fray-Jose-de-Jesus-Gonzalez-1-798x1024.jpeg?ssl=1&w=800&resize=800&ssl=1 800w, https:\/\/i3.wp.com\/interaccionnoticias.com.mx\/wp-content\/uploads\/2022\/07\/Fray-Jose-de-Jesus-Gonzalez-1-798x1024.jpeg?ssl=1&w=1024&resize=1024&ssl=1 1024w, https:\/\/i3.wp.com\/interaccionnoticias.com.mx\/wp-content\/uploads\/2022\/07\/Fray-Jose-de-Jesus-Gonzalez-1-798x1024.jpeg?ssl=1&w=1280&resize=1280&ssl=1 1280w, https:\/\/i3.wp.com\/interaccionnoticias.com.mx\/wp-content\/uploads\/2022\/07\/Fray-Jose-de-Jesus-Gonzalez-1-798x1024.jpeg?ssl=1&w=1600&resize=1600&ssl=1 1600w\" fifu-data-src=\"https:\/\/i3.wp.com\/interaccionnoticias.com.mx\/wp-content\/uploads\/2022\/07\/Fray-Jose-de-Jesus-Gonzalez-1-798x1024.jpeg?ssl=1\" alt=\"\" data-id=\"48416\" data-full-url=\"https:\/\/interaccionnoticias.com.mx\/wp-content\/uploads\/2022\/07\/Fray-Jose-de-Jesus-Gonzalez-1.jpeg\" data-link=\"https:\/\/interaccionnoticias.com.mx\/sociedad\/48415\/attachment\/fray-jose-de-jesus-gonzalez-1\/\" class=\"wp-image-48416\"\/><\/figure><\/li><\/ul><\/figure>\n","protected":false},"excerpt":{"rendered":"<p>&#8212; Tras el atentado a balazos cometido contra un sacerdote en el municipio de Chilapa de \u00c1lvarez SNI Cerca de la media noche, el obispo de la Di\u00f3cesis Chilpancingo-Chilapa emiti\u00f3&hellip; <\/p>\n","protected":false},"author":4,"featured_media":48418,"comment_status":"open","ping_status":"open","sticky":false,"template":"","format":"standard","meta":{"fifu_image_url":"","fifu_image_alt":"","footnotes":""},"categories":[29],"tags":[],"class_list":["post-48415","post","type-post","status-publish","format-standard","has-post-thumbnail","hentry","category-sociedad"],"_links":{"self":[{"href":"https:\/\/www.interaccionnoticias.com.mx\/index.php?rest_route=\/wp\/v2\/posts\/48415","targetHints":{"allow":["GET"]}}],"collection":[{"href":"https:\/\/www.interaccionnoticias.com.mx\/index.php?rest_route=\/wp\/v2\/posts"}],"about":[{"href":"https:\/\/www.interaccionnoticias.com.mx\/index.php?rest_route=\/wp\/v2\/types\/post"}],"author":[{"embeddable":true,"href":"https:\/\/www.interaccionnoticias.com.mx\/index.php?rest_route=\/wp\/v2\/users\/4"}],"replies":[{"embeddable":true,"href":"https:\/\/www.interaccionnoticias.com.mx\/index.php?rest_route=%2Fwp%2Fv2%2Fcomments&post=48415"}],"version-history":[{"count":2,"href":"https:\/\/www.interaccionnoticias.com.mx\/index.php?rest_route=\/wp\/v2\/posts\/48415\/revisions"}],"predecessor-version":[{"id":48420,"href":"https:\/\/www.interaccionnoticias.com.mx\/index.php?rest_route=\/wp\/v2\/posts\/48415\/revisions\/48420"}],"wp:featuredmedia":[{"embeddable":true,"href":"https:\/\/www.interaccionnoticias.com.mx\/index.php?rest_route=\/wp\/v2\/media\/48418"}],"wp:attachment":[{"href":"https:\/\/www.interaccionnoticias.com.mx\/index.php?rest_route=%2Fwp%2Fv2%2Fmedia&parent=48415"}],"wp:term":[{"taxonomy":"category","embeddable":true,"href":"https:\/\/www.interaccionnoticias.com.mx\/index.php?rest_route=%2Fwp%2Fv2%2Fcategories&post=48415"},{"taxonomy":"post_tag","embeddable":true,"href":"https:\/\/www.interaccionnoticias.com.mx\/index.php?rest_route=%2Fwp%2Fv2%2Ftags&post=48415"}],"curies":[{"name":"wp","href":"https:\/\/api.w.org\/{rel}","templated":true}]}}