{"id":48267,"date":"2022-07-26T10:05:32","date_gmt":"2022-07-26T15:05:32","guid":{"rendered":"https:\/\/interaccionnoticias.com.mx\/?p=48267"},"modified":"2022-07-26T10:05:38","modified_gmt":"2022-07-26T15:05:38","slug":"denuncia-lider-del-congreso-intromision-de-actores-externos-en-la-bancada-de-morena","status":"publish","type":"post","link":"https:\/\/www.interaccionnoticias.com.mx\/?p=48267","title":{"rendered":"Denuncia l\u00edder del Congreso \u201cintromisi\u00f3n de actores externos\u201d en la bancada de Morena"},"content":{"rendered":"\n<p><strong><em>&#8212; Alfredo S\u00e1nchez Esquivel sostiene qu\u00e9, si hay relevo en la coordinaci\u00f3n, ser\u00e1 una decisi\u00f3n exclusiva de los diputados<br>&#8212; En el intento de separarlo de la Junta de Coordinaci\u00f3n Pol\u00edtica, se\u00f1ala que se cometieron delitos graves<br>&#8212; Dice que en su momento, dar\u00e1 a conocer quienes son esos actores que privilegian sus intereses personales<br>&#8212; Admite que con el Ejecutivo local existe una relaci\u00f3n \u201cinstitucional\u201d, donde hay igualdad de poderes<\/em><\/strong><\/p>\n\n\n\n<p><strong>Rogelio Agust\u00edn<\/strong><\/p>\n\n\n\n<p>El presidente de la Junta de Coordinaci\u00f3n Pol\u00edtica (Jucopo), Alfredo S\u00e1nchez Esquivel denunci\u00f3 que hubo una \u201cintromisi\u00f3n\u201d por parte \u201cactores externos\u201d en el Congreso local, con la intenci\u00f3n de separarlo de la coordinaci\u00f3n de la fracci\u00f3n parlamentaria de Morena, lo que incluso, dijo que puede constituir \u201cdelitos graves\u201d, que en su momento dar\u00e1 a conocer.<\/p>\n\n\n\n<p>S\u00e1nchez Esquivel, quien asumi\u00f3 se mantiene al frente de la bancada de Morena desde la etapa final de la Legislatura 62, se\u00f1al\u00f3 que la relaci\u00f3n que tiene con sus 21 compa\u00f1eros es \u201cbuena, respetuosa y de construcci\u00f3n\u201d.<\/p>\n\n\n\n<p>Sin embargo, reconoce que en los \u00faltimos d\u00edas se gener\u00f3 un movimiento que iba encaminado a separarlo de la coordinaci\u00f3n parlamentaria de Morena, lo que implica tambi\u00e9n quitarlo de la presidencia de la Jucopo.<\/p>\n\n\n\n<p>Consider\u00f3 que es muy natural que haya \u201caspiraciones de compa\u00f1eros\u201d, que van en la ruta de sucederlo en la coordinaci\u00f3n de la bancada m\u00e1s numerosa del grupo parlamentario m\u00e1s numeroso del Congreso de Guerrero.<\/p>\n\n\n\n<p>Sin embargo, se\u00f1al\u00f3 que si se genera el relevo, esa ser\u00e1 una decisi\u00f3n interna, tomada solamente entre los diputados locales de Morena.<\/p>\n\n\n\n<p>\u201cEso es parte de la m\u00edstica de izquierda, donde el grupo parlamentario toma sus decisiones, no necesariamente como otros grupos parlamentarios, donde necesitan lo que se conoce como la bendici\u00f3n o la venia\u2026 la l\u00ednea para que algo ocurra\u201d, destac\u00f3.<\/p>\n\n\n\n<p>Enfatiz\u00f3: \u201cAqu\u00ed ocurre de manera diferente, somos de izquierda, pues acostumbr\u00e9monos a ser de izquierda y gobernar con la izquierda, no a ser de izquierda y gobernar con la derecha\u201d.<\/p>\n\n\n\n<p>Sobre el tema del relevo, dijo que actualmente hay pl\u00e1ticas con varios diputados, incluso plantamientos que reconoci\u00f3 como interesantes, por lo que apunt\u00f3: \u201cNosotros somos respetuosos de la mayor\u00eda y de lo que decidan los diputados; si hay relevo en la coordinaci\u00f3n de Morena, debe ser un acuerdo interno, no con la intervenci\u00f3n de factores externos\u201d.<\/p>\n\n\n\n<p>En esa parte vino la denuncia: \u201cYa en su momento se har\u00e1n algunos se\u00f1alamientos de algunos actores que de manera burda quisieron intervenir y dejaron evidencia de su participaci\u00f3n, eso soslaya a un poder y deja en evidencia la intervenci\u00f3n de actores, lo que no corresponde a la izquierda del estado de Guerrero, ni a la izquierda de nuestro pa\u00eds\u201d.<\/p>\n\n\n\n<p>De hecho, dijo que la intentona merece un seguimiento, pues sostiene: \u201cEn su eventual intervenci\u00f3n, incluso hubo algunos mecanismos que son constitutivos de delitos graves\u201d.<\/p>\n\n\n\n<p>De momento se reserv\u00f3 el derecho de hacer un se\u00f1alamiento concreto, pero ofreci\u00f3 que cuando sea necesario, lo har\u00e1 del conocimiento de la opini\u00f3n p\u00fablica.<\/p>\n\n\n\n<p>Consider\u00f3 importante dejar claro que la relaci\u00f3n con el Ejecutivo local es una relaci\u00f3n institucional, con la certeza de que debe prevalecer el equilibrio entre los poderes p\u00fablicos, \u201cen el que uno no sea m\u00e1s que el otro\u201d.<\/p>\n\n\n\n<p>Y cerr\u00f3: \u201cEn Guerrero tenemos una gran gobernadora (Evelyn Salgado Pineda), una gobernadora joven que busca cambiar al Estado para bien, pero hay algunos actores a los que no les interesa eso, que apuntan hacia los intereses personales\u201d.<br><\/p>\n","protected":false},"excerpt":{"rendered":"<p>&#8212; Alfredo S\u00e1nchez Esquivel sostiene qu\u00e9, si hay relevo en la coordinaci\u00f3n, ser\u00e1 una decisi\u00f3n exclusiva de los diputados&#8212; En el intento de separarlo de la Junta de Coordinaci\u00f3n Pol\u00edtica,&hellip; <\/p>\n","protected":false},"author":21,"featured_media":48268,"comment_status":"open","ping_status":"open","sticky":false,"template":"","format":"standard","meta":{"fifu_image_url":"","fifu_image_alt":"","footnotes":""},"categories":[2],"tags":[],"class_list":["post-48267","post","type-post","status-publish","format-standard","has-post-thumbnail","hentry","category-congreso"],"_links":{"self":[{"href":"https:\/\/www.interaccionnoticias.com.mx\/index.php?rest_route=\/wp\/v2\/posts\/48267","targetHints":{"allow":["GET"]}}],"collection":[{"href":"https:\/\/www.interaccionnoticias.com.mx\/index.php?rest_route=\/wp\/v2\/posts"}],"about":[{"href":"https:\/\/www.interaccionnoticias.com.mx\/index.php?rest_route=\/wp\/v2\/types\/post"}],"author":[{"embeddable":true,"href":"https:\/\/www.interaccionnoticias.com.mx\/index.php?rest_route=\/wp\/v2\/users\/21"}],"replies":[{"embeddable":true,"href":"https:\/\/www.interaccionnoticias.com.mx\/index.php?rest_route=%2Fwp%2Fv2%2Fcomments&post=48267"}],"version-history":[{"count":1,"href":"https:\/\/www.interaccionnoticias.com.mx\/index.php?rest_route=\/wp\/v2\/posts\/48267\/revisions"}],"predecessor-version":[{"id":48269,"href":"https:\/\/www.interaccionnoticias.com.mx\/index.php?rest_route=\/wp\/v2\/posts\/48267\/revisions\/48269"}],"wp:featuredmedia":[{"embeddable":true,"href":"https:\/\/www.interaccionnoticias.com.mx\/index.php?rest_route=\/wp\/v2\/media\/48268"}],"wp:attachment":[{"href":"https:\/\/www.interaccionnoticias.com.mx\/index.php?rest_route=%2Fwp%2Fv2%2Fmedia&parent=48267"}],"wp:term":[{"taxonomy":"category","embeddable":true,"href":"https:\/\/www.interaccionnoticias.com.mx\/index.php?rest_route=%2Fwp%2Fv2%2Fcategories&post=48267"},{"taxonomy":"post_tag","embeddable":true,"href":"https:\/\/www.interaccionnoticias.com.mx\/index.php?rest_route=%2Fwp%2Fv2%2Ftags&post=48267"}],"curies":[{"name":"wp","href":"https:\/\/api.w.org\/{rel}","templated":true}]}}