{"id":48264,"date":"2022-07-25T21:32:49","date_gmt":"2022-07-26T02:32:49","guid":{"rendered":"https:\/\/interaccionnoticias.com.mx\/?p=48264"},"modified":"2022-07-25T21:32:54","modified_gmt":"2022-07-26T02:32:54","slug":"ejecutan-a-un-policia-auxiliar-en-acapulco","status":"publish","type":"post","link":"https:\/\/www.interaccionnoticias.com.mx\/?p=48264","title":{"rendered":"Ejecutan a un polic\u00eda auxiliar en Acapulco"},"content":{"rendered":"\n<p><strong><em>&#8212; Le dispararon en varias ocasiones<br>&#8212; Sus victimarios huyeron tras tratar de levantarlo<\/em><\/strong><\/p>\n\n\n\n<p><strong>Javier Trujillo<\/strong><\/p>\n\n\n\n<p><strong>Acapulco, Gro.-<\/strong> Un elemento de la Polic\u00eda Auxiliar de Acapulco, fue asesinado a balazos, en la avenida Adolfo Ruiz Cortines, en la zona urbana del puerto de Acapulco.<\/p>\n\n\n\n<p>Tras la agresi\u00f3n armada, los victimarios huyeron a bordo de un autom\u00f3vil sedan, marca Nissan, tipo Tsuru con rumbo a La Cima.<\/p>\n\n\n\n<p>Los hechos ocurrieron al filo de las 20 horas, entre la avenida Baja California y Ruiz Cortines, casi frente al Kentucky Fried Chicken, en la colonia Progreso y Florida, cuando circulaba en un autom\u00f3vil.<\/p>\n\n\n\n<p>La v\u00edctima fue identificada por su familia como Antonio \u00abR\u00bb, y se desempe\u00f1aba como Polic\u00eda Auxiliar y se encontraba como incapacitado desde hace m\u00e1s de dos a\u00f1os.<\/p>\n\n\n\n<p>Testigos de los hechos dijeron que los hombres que viajaban en la unidad compacta, trataron de bajarlo del veh\u00edculo en el que viajaba la v\u00edctima que lo identificaron como Antonio, al resistirse sus victimarios le dispararon en repetidas ocasiones.<\/p>\n\n\n\n<p>En el lugar del crimen qued\u00f3 el cad\u00e1ver del Polic\u00eda Auxiliar, y minutos m\u00e1s tarde, llegaron sus familiares, las autoridades y se realizaron las diligencias para posteriormente ordenar el levantamiento cadav\u00e9rico.<\/p>\n","protected":false},"excerpt":{"rendered":"<p>&#8212; Le dispararon en varias ocasiones&#8212; Sus victimarios huyeron tras tratar de levantarlo Javier Trujillo Acapulco, Gro.- Un elemento de la Polic\u00eda Auxiliar de Acapulco, fue asesinado a balazos, en&hellip; <\/p>\n","protected":false},"author":3,"featured_media":48265,"comment_status":"open","ping_status":"open","sticky":false,"template":"","format":"standard","meta":{"fifu_image_url":"","fifu_image_alt":"","footnotes":""},"categories":[27],"tags":[],"class_list":["post-48264","post","type-post","status-publish","format-standard","has-post-thumbnail","hentry","category-seguridad-publica"],"_links":{"self":[{"href":"https:\/\/www.interaccionnoticias.com.mx\/index.php?rest_route=\/wp\/v2\/posts\/48264","targetHints":{"allow":["GET"]}}],"collection":[{"href":"https:\/\/www.interaccionnoticias.com.mx\/index.php?rest_route=\/wp\/v2\/posts"}],"about":[{"href":"https:\/\/www.interaccionnoticias.com.mx\/index.php?rest_route=\/wp\/v2\/types\/post"}],"author":[{"embeddable":true,"href":"https:\/\/www.interaccionnoticias.com.mx\/index.php?rest_route=\/wp\/v2\/users\/3"}],"replies":[{"embeddable":true,"href":"https:\/\/www.interaccionnoticias.com.mx\/index.php?rest_route=%2Fwp%2Fv2%2Fcomments&post=48264"}],"version-history":[{"count":1,"href":"https:\/\/www.interaccionnoticias.com.mx\/index.php?rest_route=\/wp\/v2\/posts\/48264\/revisions"}],"predecessor-version":[{"id":48266,"href":"https:\/\/www.interaccionnoticias.com.mx\/index.php?rest_route=\/wp\/v2\/posts\/48264\/revisions\/48266"}],"wp:featuredmedia":[{"embeddable":true,"href":"https:\/\/www.interaccionnoticias.com.mx\/index.php?rest_route=\/wp\/v2\/media\/48265"}],"wp:attachment":[{"href":"https:\/\/www.interaccionnoticias.com.mx\/index.php?rest_route=%2Fwp%2Fv2%2Fmedia&parent=48264"}],"wp:term":[{"taxonomy":"category","embeddable":true,"href":"https:\/\/www.interaccionnoticias.com.mx\/index.php?rest_route=%2Fwp%2Fv2%2Fcategories&post=48264"},{"taxonomy":"post_tag","embeddable":true,"href":"https:\/\/www.interaccionnoticias.com.mx\/index.php?rest_route=%2Fwp%2Fv2%2Ftags&post=48264"}],"curies":[{"name":"wp","href":"https:\/\/api.w.org\/{rel}","templated":true}]}}