{"id":48243,"date":"2022-07-25T16:49:25","date_gmt":"2022-07-25T21:49:25","guid":{"rendered":"https:\/\/interaccionnoticias.com.mx\/?p=48243"},"modified":"2022-07-25T16:49:30","modified_gmt":"2022-07-25T21:49:30","slug":"abanderan-a-diputado-de-la-comunidad-lgbt-en-guerrero","status":"publish","type":"post","link":"https:\/\/www.interaccionnoticias.com.mx\/?p=48243","title":{"rendered":"Abanderan a diputado de la comunidad LGBT en Guerrero"},"content":{"rendered":"\n<p><strong><em>&#8212; Colectivos van al Congreso local para respaldar a H\u00e9ctor Fernando Ag\u00fcero Garc\u00eda<\/em><\/strong><\/p>\n\n\n\n<p><strong>Sonia Monta\u00f1o<\/strong><\/p>\n\n\n\n<p><strong>Chilpancingo, Gro., julio 25 de 2022.-<\/strong> Representantes de la comunidad LGBT+ abanderaron simb\u00f3licamente al diputado H\u00e9ctor Fernando Ag\u00fcero Garc\u00eda, quien rindi\u00f3 protesta en la curul que dej\u00f3 el titular de la misma, Jacinto Gonz\u00e1lez Varona.<\/p>\n\n\n\n<p>En la oficina que ocupar\u00e1 en adelante, Ag\u00fcero Garc\u00eda recibi\u00f3 a Tania Paloma y Cristal Onasis, directoras de la diversidad sexual en los municipios de Eduardo Neri y Tixtla, ubicados en la regi\u00f3n Centro de Guerrero.<\/p>\n\n\n\n<p>Ellos se encargaron de entregar al ahora representante popular la bandera del arco\u00edris, como una manera de ratificar que la curul que ocupa, es la reservada en acci\u00f3n afirmativa para dicho sector, en la lista de representaci\u00f3n proporcional de Morena-Guerrero.<\/p>\n\n\n\n<p>Fernando Ag\u00fcero coment\u00f3 que el estado de Guerrero cuenta con un atraso importante en temas que le interesan a la comunidad LGBT, destacando el matrimonio igualitario, aunque ya existe una iniciativa presentada por su antecesor, Jacinto Gonz\u00e1lez.<\/p>\n\n\n\n<p>Anticip\u00f3 que trabajar\u00e1 para solicitar la aprobaci\u00f3n de dicha iniciativa, as\u00ed como plantear\u00e1 ante el Pleno la creaci\u00f3n de la Comisi\u00f3n de Diversidad Sexual, la que hasta el momento no existe.<\/p>\n\n\n\n<p>Tambi\u00e9n dijo que promover\u00e1 que se haga efectiva la iniciativa de identidad de genero, para efecto de dar certeza jur\u00eddica a quienes se asuman abiertamente como integrantes de la diversidad.<\/p>\n\n\n\n<p>En el acto de abanderamiento estuvo la diputada Jessica Alejo Rayo, quien fuera secretaria de la Diversidad en el Comit\u00e9 Ejecutivo Estatal (CEE) de Morena, antes de contender por la diputaci\u00f3n del primer Distrito Electoral, con cabecera en Chilpancingo.<\/p>\n\n\n\n<p>Alejo Rayo sostuvo que ya existe un logro hist\u00f3rico dentro del Congreso de Guerrero, pues la 63 es la primera Legislatura en la que existe paridad de g\u00e9nero, de tal manera que contar con un integrante de la comunidad LGBT representa un paso m\u00e1s hacia delante.<\/p>\n\n\n\n<p>Indic\u00f3 que MORENA es el primer partido pol\u00edtico que se ha abierto a permitir la representaci\u00f3n de la comunidad LGBT, lo que implica una verdadera inclusi\u00f3n social.<\/p>\n\n\n\n<p>Rayo Alejo manifest\u00f3 que en el futuro, se espera que haya m\u00e1s integrantes de la diversidad que se incorporen a diferentes espacios de la vida p\u00fablica, lo que incluso permitir\u00e1 que llegado el momento, haya m\u00e1s direcciones de la Diversidad Sexual.<\/p>\n\n\n\n<p>Tania Paloma y Cristal Onasis, directoras de la diversidad sexual en Chilpancingo y Eduardo Neri, refrendaron su apoyo al diputado Ag\u00fcero, asumiendo el compromiso de trabajar en conjunto para luchar de la mano, cerrando filas en temas de inter\u00e9s colectivo.<\/p>\n","protected":false},"excerpt":{"rendered":"<p>&#8212; Colectivos van al Congreso local para respaldar a H\u00e9ctor Fernando Ag\u00fcero Garc\u00eda Sonia Monta\u00f1o Chilpancingo, Gro., julio 25 de 2022.- Representantes de la comunidad LGBT+ abanderaron simb\u00f3licamente al diputado&hellip; <\/p>\n","protected":false},"author":19,"featured_media":48244,"comment_status":"open","ping_status":"open","sticky":false,"template":"","format":"standard","meta":{"fifu_image_url":"","fifu_image_alt":"","footnotes":""},"categories":[2],"tags":[],"class_list":["post-48243","post","type-post","status-publish","format-standard","has-post-thumbnail","hentry","category-congreso"],"_links":{"self":[{"href":"https:\/\/www.interaccionnoticias.com.mx\/index.php?rest_route=\/wp\/v2\/posts\/48243","targetHints":{"allow":["GET"]}}],"collection":[{"href":"https:\/\/www.interaccionnoticias.com.mx\/index.php?rest_route=\/wp\/v2\/posts"}],"about":[{"href":"https:\/\/www.interaccionnoticias.com.mx\/index.php?rest_route=\/wp\/v2\/types\/post"}],"author":[{"embeddable":true,"href":"https:\/\/www.interaccionnoticias.com.mx\/index.php?rest_route=\/wp\/v2\/users\/19"}],"replies":[{"embeddable":true,"href":"https:\/\/www.interaccionnoticias.com.mx\/index.php?rest_route=%2Fwp%2Fv2%2Fcomments&post=48243"}],"version-history":[{"count":1,"href":"https:\/\/www.interaccionnoticias.com.mx\/index.php?rest_route=\/wp\/v2\/posts\/48243\/revisions"}],"predecessor-version":[{"id":48245,"href":"https:\/\/www.interaccionnoticias.com.mx\/index.php?rest_route=\/wp\/v2\/posts\/48243\/revisions\/48245"}],"wp:featuredmedia":[{"embeddable":true,"href":"https:\/\/www.interaccionnoticias.com.mx\/index.php?rest_route=\/wp\/v2\/media\/48244"}],"wp:attachment":[{"href":"https:\/\/www.interaccionnoticias.com.mx\/index.php?rest_route=%2Fwp%2Fv2%2Fmedia&parent=48243"}],"wp:term":[{"taxonomy":"category","embeddable":true,"href":"https:\/\/www.interaccionnoticias.com.mx\/index.php?rest_route=%2Fwp%2Fv2%2Fcategories&post=48243"},{"taxonomy":"post_tag","embeddable":true,"href":"https:\/\/www.interaccionnoticias.com.mx\/index.php?rest_route=%2Fwp%2Fv2%2Ftags&post=48243"}],"curies":[{"name":"wp","href":"https:\/\/api.w.org\/{rel}","templated":true}]}}