{"id":48236,"date":"2022-07-25T15:24:12","date_gmt":"2022-07-25T20:24:12","guid":{"rendered":"https:\/\/interaccionnoticias.com.mx\/?p=48236"},"modified":"2022-07-25T15:24:16","modified_gmt":"2022-07-25T20:24:16","slug":"maestros-de-educacion-indigena-exigen-la-destitucion-de-funcionario","status":"publish","type":"post","link":"https:\/\/www.interaccionnoticias.com.mx\/?p=48236","title":{"rendered":"Maestros de educaci\u00f3n ind\u00edgena exigen la destituci\u00f3n de funcionario"},"content":{"rendered":"\n<p><strong><em>&#8212; Es aviador de una de sus dos plazas<br>&#8212; Aseguran que no cuenta con el perfil acad\u00e9mico requerido<\/em><\/strong><\/p>\n\n\n\n<p><strong>Rosario Garc\u00eda Orozco<\/strong><\/p>\n\n\n\n<p><strong>Chilpancingo, Gro., 25 de julio del 2022.-<\/strong> Trabajadores de la Direcci\u00f3n de Educaci\u00f3n Ind\u00edgena de la Secretar\u00eda de Educaci\u00f3n Guerrero (SEG) exigieron la destituci\u00f3n de su director, Jos\u00e9 Fabi\u00e1n Hern\u00e1ndez, por no cumplir con el perfil acad\u00e9mico para ese cargo y porque ostenta dos plazas que se empatan, de tal manera en que de una es \u00abaviador\u00bb, aseguraron.<\/p>\n\n\n\n<p>Mar Ag\u00fcero, asesora t\u00e9cnica-pedag\u00f3gica de educaci\u00f3n ind\u00edgena, en representaci\u00f3n de sus compa\u00f1eros, pidi\u00f3 a las autoridades educativas que el director de Educaci\u00f3n Ind\u00edgena se elija por usos y costumbres.<\/p>\n\n\n\n<p>\u00abSe nos est\u00e1 imponiendo a un jefe que no fue elegido bajo los Usos y Costumbres de la Ceteg, y estamos manifestando nuestra inconformidad porque adem\u00e1s el se\u00f1or nos est\u00e1 acusando de ser aviadores, cuando en realidad tenemos comisiones recientes y fotograf\u00edas de evidencia de que estamos realizando el trabajo que se nos pide\u00bb, asegur\u00f3.<\/p>\n\n\n\n<p>Explic\u00f3 que se ha amenazado con denunciar ante la Contralor\u00eda a los manifestantes, a quienes se ha calificado de aviadores, \u00abpues que nos llame Contralor\u00eda y con pruebas va a ver quien es el aviador\u00bb, dijo Mar Ag\u00fcero.<\/p>\n\n\n\n<p>Asegur\u00f3 que el maestro Fabi\u00e1n Hern\u00e1ndez ostenta dos claves presupuestales, una la devenga como director y otra como supervisor de Colotlipa \u00aby se le empatan los turnos, entonces es a eso a lo que se le llama ser aviador, no a quienes nos venimos a manifestar, porque nosotros si estamos trabajando\u00bb.<\/p>\n\n\n\n<p>Mencion\u00f3 que Fabi\u00e1n Hern\u00e1ndez pretende hacer algunos ajustes en el \u00e1rea, \u00aby no se lo vamos a permitir, por eso aqu\u00ed vamos a continuar hasta que se resuelva\u00bb.<\/p>\n\n\n\n<p>Esa movilizaci\u00f3n inici\u00f3 desde el viernes pasado y permanece hasta la tarde de este lunes.<\/p>\n\n\n\n<figure class=\"wp-block-gallery columns-2 is-cropped wp-block-gallery-1 is-layout-flex wp-block-gallery-is-layout-flex\"><ul class=\"blocks-gallery-grid\"><li class=\"blocks-gallery-item\"><figure><img decoding=\"async\" src=\"data:image\/gif;base64,R0lGODlhAQABAIAAAAAAAP\/\/\/ywAAAAAAQABAAACAUwAOw==\" fifu-lazy=\"1\" fifu-data-sizes=\"auto\" fifu-data-srcset=\"https:\/\/i2.wp.com\/interaccionnoticias.com.mx\/wp-content\/uploads\/2022\/07\/220725-educacion-indigena-1-1024x683.jpeg?ssl=1&w=75&resize=75&ssl=1 75w, https:\/\/i2.wp.com\/interaccionnoticias.com.mx\/wp-content\/uploads\/2022\/07\/220725-educacion-indigena-1-1024x683.jpeg?ssl=1&w=100&resize=100&ssl=1 100w, https:\/\/i2.wp.com\/interaccionnoticias.com.mx\/wp-content\/uploads\/2022\/07\/220725-educacion-indigena-1-1024x683.jpeg?ssl=1&w=150&resize=150&ssl=1 150w, https:\/\/i2.wp.com\/interaccionnoticias.com.mx\/wp-content\/uploads\/2022\/07\/220725-educacion-indigena-1-1024x683.jpeg?ssl=1&w=240&resize=240&ssl=1 240w, https:\/\/i2.wp.com\/interaccionnoticias.com.mx\/wp-content\/uploads\/2022\/07\/220725-educacion-indigena-1-1024x683.jpeg?ssl=1&w=320&resize=320&ssl=1 320w, https:\/\/i2.wp.com\/interaccionnoticias.com.mx\/wp-content\/uploads\/2022\/07\/220725-educacion-indigena-1-1024x683.jpeg?ssl=1&w=500&resize=500&ssl=1 500w, https:\/\/i2.wp.com\/interaccionnoticias.com.mx\/wp-content\/uploads\/2022\/07\/220725-educacion-indigena-1-1024x683.jpeg?ssl=1&w=640&resize=640&ssl=1 640w, https:\/\/i2.wp.com\/interaccionnoticias.com.mx\/wp-content\/uploads\/2022\/07\/220725-educacion-indigena-1-1024x683.jpeg?ssl=1&w=800&resize=800&ssl=1 800w, https:\/\/i2.wp.com\/interaccionnoticias.com.mx\/wp-content\/uploads\/2022\/07\/220725-educacion-indigena-1-1024x683.jpeg?ssl=1&w=1024&resize=1024&ssl=1 1024w, https:\/\/i2.wp.com\/interaccionnoticias.com.mx\/wp-content\/uploads\/2022\/07\/220725-educacion-indigena-1-1024x683.jpeg?ssl=1&w=1280&resize=1280&ssl=1 1280w, https:\/\/i2.wp.com\/interaccionnoticias.com.mx\/wp-content\/uploads\/2022\/07\/220725-educacion-indigena-1-1024x683.jpeg?ssl=1&w=1600&resize=1600&ssl=1 1600w\" fifu-data-src=\"https:\/\/i2.wp.com\/interaccionnoticias.com.mx\/wp-content\/uploads\/2022\/07\/220725-educacion-indigena-1-1024x683.jpeg?ssl=1\" alt=\"\" data-id=\"48237\" data-full-url=\"https:\/\/interaccionnoticias.com.mx\/wp-content\/uploads\/2022\/07\/220725-educacion-indigena-1.jpeg\" data-link=\"https:\/\/interaccionnoticias.com.mx\/?attachment_id=48237\" class=\"wp-image-48237\"\/><\/figure><\/li><li class=\"blocks-gallery-item\"><figure><img decoding=\"async\" src=\"data:image\/gif;base64,R0lGODlhAQABAIAAAAAAAP\/\/\/ywAAAAAAQABAAACAUwAOw==\" fifu-lazy=\"1\" fifu-data-sizes=\"auto\" fifu-data-srcset=\"https:\/\/i3.wp.com\/interaccionnoticias.com.mx\/wp-content\/uploads\/2022\/07\/220725-educacion-indigena-2-1024x683.jpeg?ssl=1&w=75&resize=75&ssl=1 75w, https:\/\/i3.wp.com\/interaccionnoticias.com.mx\/wp-content\/uploads\/2022\/07\/220725-educacion-indigena-2-1024x683.jpeg?ssl=1&w=100&resize=100&ssl=1 100w, https:\/\/i3.wp.com\/interaccionnoticias.com.mx\/wp-content\/uploads\/2022\/07\/220725-educacion-indigena-2-1024x683.jpeg?ssl=1&w=150&resize=150&ssl=1 150w, https:\/\/i3.wp.com\/interaccionnoticias.com.mx\/wp-content\/uploads\/2022\/07\/220725-educacion-indigena-2-1024x683.jpeg?ssl=1&w=240&resize=240&ssl=1 240w, https:\/\/i3.wp.com\/interaccionnoticias.com.mx\/wp-content\/uploads\/2022\/07\/220725-educacion-indigena-2-1024x683.jpeg?ssl=1&w=320&resize=320&ssl=1 320w, https:\/\/i3.wp.com\/interaccionnoticias.com.mx\/wp-content\/uploads\/2022\/07\/220725-educacion-indigena-2-1024x683.jpeg?ssl=1&w=500&resize=500&ssl=1 500w, https:\/\/i3.wp.com\/interaccionnoticias.com.mx\/wp-content\/uploads\/2022\/07\/220725-educacion-indigena-2-1024x683.jpeg?ssl=1&w=640&resize=640&ssl=1 640w, https:\/\/i3.wp.com\/interaccionnoticias.com.mx\/wp-content\/uploads\/2022\/07\/220725-educacion-indigena-2-1024x683.jpeg?ssl=1&w=800&resize=800&ssl=1 800w, https:\/\/i3.wp.com\/interaccionnoticias.com.mx\/wp-content\/uploads\/2022\/07\/220725-educacion-indigena-2-1024x683.jpeg?ssl=1&w=1024&resize=1024&ssl=1 1024w, https:\/\/i3.wp.com\/interaccionnoticias.com.mx\/wp-content\/uploads\/2022\/07\/220725-educacion-indigena-2-1024x683.jpeg?ssl=1&w=1280&resize=1280&ssl=1 1280w, https:\/\/i3.wp.com\/interaccionnoticias.com.mx\/wp-content\/uploads\/2022\/07\/220725-educacion-indigena-2-1024x683.jpeg?ssl=1&w=1600&resize=1600&ssl=1 1600w\" fifu-data-src=\"https:\/\/i3.wp.com\/interaccionnoticias.com.mx\/wp-content\/uploads\/2022\/07\/220725-educacion-indigena-2-1024x683.jpeg?ssl=1\" alt=\"\" data-id=\"48238\" data-full-url=\"https:\/\/interaccionnoticias.com.mx\/wp-content\/uploads\/2022\/07\/220725-educacion-indigena-2.jpeg\" data-link=\"https:\/\/interaccionnoticias.com.mx\/?attachment_id=48238\" class=\"wp-image-48238\"\/><\/figure><\/li><\/ul><\/figure>\n","protected":false},"excerpt":{"rendered":"<p>&#8212; Es aviador de una de sus dos plazas&#8212; Aseguran que no cuenta con el perfil acad\u00e9mico requerido Rosario Garc\u00eda Orozco Chilpancingo, Gro., 25 de julio del 2022.- Trabajadores de&hellip; <\/p>\n","protected":false},"author":14,"featured_media":48238,"comment_status":"open","ping_status":"open","sticky":false,"template":"","format":"standard","meta":{"fifu_image_url":"","fifu_image_alt":"","footnotes":""},"categories":[6],"tags":[],"class_list":["post-48236","post","type-post","status-publish","format-standard","has-post-thumbnail","hentry","category-educacion"],"_links":{"self":[{"href":"https:\/\/www.interaccionnoticias.com.mx\/index.php?rest_route=\/wp\/v2\/posts\/48236","targetHints":{"allow":["GET"]}}],"collection":[{"href":"https:\/\/www.interaccionnoticias.com.mx\/index.php?rest_route=\/wp\/v2\/posts"}],"about":[{"href":"https:\/\/www.interaccionnoticias.com.mx\/index.php?rest_route=\/wp\/v2\/types\/post"}],"author":[{"embeddable":true,"href":"https:\/\/www.interaccionnoticias.com.mx\/index.php?rest_route=\/wp\/v2\/users\/14"}],"replies":[{"embeddable":true,"href":"https:\/\/www.interaccionnoticias.com.mx\/index.php?rest_route=%2Fwp%2Fv2%2Fcomments&post=48236"}],"version-history":[{"count":1,"href":"https:\/\/www.interaccionnoticias.com.mx\/index.php?rest_route=\/wp\/v2\/posts\/48236\/revisions"}],"predecessor-version":[{"id":48239,"href":"https:\/\/www.interaccionnoticias.com.mx\/index.php?rest_route=\/wp\/v2\/posts\/48236\/revisions\/48239"}],"wp:featuredmedia":[{"embeddable":true,"href":"https:\/\/www.interaccionnoticias.com.mx\/index.php?rest_route=\/wp\/v2\/media\/48238"}],"wp:attachment":[{"href":"https:\/\/www.interaccionnoticias.com.mx\/index.php?rest_route=%2Fwp%2Fv2%2Fmedia&parent=48236"}],"wp:term":[{"taxonomy":"category","embeddable":true,"href":"https:\/\/www.interaccionnoticias.com.mx\/index.php?rest_route=%2Fwp%2Fv2%2Fcategories&post=48236"},{"taxonomy":"post_tag","embeddable":true,"href":"https:\/\/www.interaccionnoticias.com.mx\/index.php?rest_route=%2Fwp%2Fv2%2Ftags&post=48236"}],"curies":[{"name":"wp","href":"https:\/\/api.w.org\/{rel}","templated":true}]}}