{"id":48214,"date":"2022-07-24T20:20:17","date_gmt":"2022-07-25T01:20:17","guid":{"rendered":"https:\/\/interaccionnoticias.com.mx\/?p=48214"},"modified":"2022-07-24T20:20:22","modified_gmt":"2022-07-25T01:20:22","slug":"se-roban-vehiculo-en-morelos-los-detienen-en-guerrero","status":"publish","type":"post","link":"https:\/\/www.interaccionnoticias.com.mx\/?p=48214","title":{"rendered":"Se roban veh\u00edculo en Morelos, los detienen en Guerrero"},"content":{"rendered":"\n<p><strong><em>&#8212; Los interceptaron en Eduardo Neri<\/em><\/strong><\/p>\n\n\n\n<p><strong>Rogelio Agust\u00edn<\/strong><\/p>\n\n\n\n<p>La Fiscal\u00eda General del Estado, a trav\u00e9s de la Fiscal\u00eda Especializada en Robo de Veh\u00edculos y en coordinaci\u00f3n con la secretar\u00eda de Seguridad P\u00fablica del Estado de Morelos lograron la detenci\u00f3n de dos presuntos robacoches.<\/p>\n\n\n\n<p>Se trata de Gabriel \u00abN\u00bb y Brayan \u00abN\u00bb, quienes son imputados por el delito de Robo con Violencia, mismo que re registr\u00f3 en el Estado de Morelos.<\/p>\n\n\n\n<p>La FGR inform\u00f3 que Gabriel y Brayan se robaron un veh\u00edculo durante las primeras horas de este domingo en el vecino estado de Morelos, lo que propici\u00f3 la comunicaci\u00f3n entre los \u00f3rganos de investigaci\u00f3n.<\/p>\n\n\n\n<p>Los presuntos delincuentes fueron detenidos a las pocas horas de ocurrido el atraco, cuando circulaban en las inmediaciones del municipio de Eduardo Neri, por lo que fueron puestos a disposici\u00f3n de la Fiscal\u00eda Especializada en Robo de Veh\u00edculos, ubicada en Chilpancingo.<\/p>\n\n\n\n<figure class=\"wp-block-gallery columns-1 is-cropped wp-block-gallery-1 is-layout-flex wp-block-gallery-is-layout-flex\"><ul class=\"blocks-gallery-grid\"><li class=\"blocks-gallery-item\"><figure><img decoding=\"async\" src=\"data:image\/gif;base64,R0lGODlhAQABAIAAAAAAAP\/\/\/ywAAAAAAQABAAACAUwAOw==\" fifu-lazy=\"1\" fifu-data-sizes=\"auto\" fifu-data-srcset=\"https:\/\/i0.wp.com\/interaccionnoticias.com.mx\/wp-content\/uploads\/2022\/07\/220724-presuntos-robacoches-1024x891.jpeg?ssl=1&w=75&resize=75&ssl=1 75w, https:\/\/i0.wp.com\/interaccionnoticias.com.mx\/wp-content\/uploads\/2022\/07\/220724-presuntos-robacoches-1024x891.jpeg?ssl=1&w=100&resize=100&ssl=1 100w, https:\/\/i0.wp.com\/interaccionnoticias.com.mx\/wp-content\/uploads\/2022\/07\/220724-presuntos-robacoches-1024x891.jpeg?ssl=1&w=150&resize=150&ssl=1 150w, https:\/\/i0.wp.com\/interaccionnoticias.com.mx\/wp-content\/uploads\/2022\/07\/220724-presuntos-robacoches-1024x891.jpeg?ssl=1&w=240&resize=240&ssl=1 240w, https:\/\/i0.wp.com\/interaccionnoticias.com.mx\/wp-content\/uploads\/2022\/07\/220724-presuntos-robacoches-1024x891.jpeg?ssl=1&w=320&resize=320&ssl=1 320w, https:\/\/i0.wp.com\/interaccionnoticias.com.mx\/wp-content\/uploads\/2022\/07\/220724-presuntos-robacoches-1024x891.jpeg?ssl=1&w=500&resize=500&ssl=1 500w, https:\/\/i0.wp.com\/interaccionnoticias.com.mx\/wp-content\/uploads\/2022\/07\/220724-presuntos-robacoches-1024x891.jpeg?ssl=1&w=640&resize=640&ssl=1 640w, https:\/\/i0.wp.com\/interaccionnoticias.com.mx\/wp-content\/uploads\/2022\/07\/220724-presuntos-robacoches-1024x891.jpeg?ssl=1&w=800&resize=800&ssl=1 800w, https:\/\/i0.wp.com\/interaccionnoticias.com.mx\/wp-content\/uploads\/2022\/07\/220724-presuntos-robacoches-1024x891.jpeg?ssl=1&w=1024&resize=1024&ssl=1 1024w, https:\/\/i0.wp.com\/interaccionnoticias.com.mx\/wp-content\/uploads\/2022\/07\/220724-presuntos-robacoches-1024x891.jpeg?ssl=1&w=1280&resize=1280&ssl=1 1280w, https:\/\/i0.wp.com\/interaccionnoticias.com.mx\/wp-content\/uploads\/2022\/07\/220724-presuntos-robacoches-1024x891.jpeg?ssl=1&w=1600&resize=1600&ssl=1 1600w\" fifu-data-src=\"https:\/\/i0.wp.com\/interaccionnoticias.com.mx\/wp-content\/uploads\/2022\/07\/220724-presuntos-robacoches-1024x891.jpeg?ssl=1\" alt=\"\" data-id=\"48216\" data-full-url=\"https:\/\/interaccionnoticias.com.mx\/wp-content\/uploads\/2022\/07\/220724-presuntos-robacoches.jpeg\" data-link=\"https:\/\/interaccionnoticias.com.mx\/?attachment_id=48216\" class=\"wp-image-48216\"\/><\/figure><\/li><\/ul><\/figure>\n","protected":false},"excerpt":{"rendered":"<p>&#8212; Los interceptaron en Eduardo Neri Rogelio Agust\u00edn La Fiscal\u00eda General del Estado, a trav\u00e9s de la Fiscal\u00eda Especializada en Robo de Veh\u00edculos y en coordinaci\u00f3n con la secretar\u00eda de&hellip; <\/p>\n","protected":false},"author":21,"featured_media":48215,"comment_status":"open","ping_status":"open","sticky":false,"template":"","format":"standard","meta":{"fifu_image_url":"","fifu_image_alt":"","footnotes":""},"categories":[27],"tags":[],"class_list":["post-48214","post","type-post","status-publish","format-standard","has-post-thumbnail","hentry","category-seguridad-publica"],"_links":{"self":[{"href":"https:\/\/www.interaccionnoticias.com.mx\/index.php?rest_route=\/wp\/v2\/posts\/48214","targetHints":{"allow":["GET"]}}],"collection":[{"href":"https:\/\/www.interaccionnoticias.com.mx\/index.php?rest_route=\/wp\/v2\/posts"}],"about":[{"href":"https:\/\/www.interaccionnoticias.com.mx\/index.php?rest_route=\/wp\/v2\/types\/post"}],"author":[{"embeddable":true,"href":"https:\/\/www.interaccionnoticias.com.mx\/index.php?rest_route=\/wp\/v2\/users\/21"}],"replies":[{"embeddable":true,"href":"https:\/\/www.interaccionnoticias.com.mx\/index.php?rest_route=%2Fwp%2Fv2%2Fcomments&post=48214"}],"version-history":[{"count":1,"href":"https:\/\/www.interaccionnoticias.com.mx\/index.php?rest_route=\/wp\/v2\/posts\/48214\/revisions"}],"predecessor-version":[{"id":48217,"href":"https:\/\/www.interaccionnoticias.com.mx\/index.php?rest_route=\/wp\/v2\/posts\/48214\/revisions\/48217"}],"wp:featuredmedia":[{"embeddable":true,"href":"https:\/\/www.interaccionnoticias.com.mx\/index.php?rest_route=\/wp\/v2\/media\/48215"}],"wp:attachment":[{"href":"https:\/\/www.interaccionnoticias.com.mx\/index.php?rest_route=%2Fwp%2Fv2%2Fmedia&parent=48214"}],"wp:term":[{"taxonomy":"category","embeddable":true,"href":"https:\/\/www.interaccionnoticias.com.mx\/index.php?rest_route=%2Fwp%2Fv2%2Fcategories&post=48214"},{"taxonomy":"post_tag","embeddable":true,"href":"https:\/\/www.interaccionnoticias.com.mx\/index.php?rest_route=%2Fwp%2Fv2%2Ftags&post=48214"}],"curies":[{"name":"wp","href":"https:\/\/api.w.org\/{rel}","templated":true}]}}