{"id":48211,"date":"2022-07-24T19:17:08","date_gmt":"2022-07-25T00:17:08","guid":{"rendered":"https:\/\/interaccionnoticias.com.mx\/?p=48211"},"modified":"2022-07-24T19:17:12","modified_gmt":"2022-07-25T00:17:12","slug":"lanzan-convocatoria-para-vacunacion-covid-en-tlapa-y-ometepec","status":"publish","type":"post","link":"https:\/\/www.interaccionnoticias.com.mx\/?p=48211","title":{"rendered":"Lanzan convocatoria para vacunaci\u00f3n Covid en Tlapa y Ometepec"},"content":{"rendered":"\n<p><strong>Chilpancingo, Gro, 23 de julio del 2022.-<\/strong> El delegado de los programas federales, Iv\u00e1n Hern\u00e1ndez D\u00edaz, inform\u00f3 que el 26 de julio dar\u00e1 inicio la jornada de vacunaci\u00f3n contra COVID 19 para ni\u00f1os de 5 a 12 a\u00f1os de edad.<\/p>\n\n\n\n<p>En Tlapa se desarrollar\u00e1 la jornada del martes 26 al viernes 29 de julio, y se atender\u00e1n a todos los menores en el Hospital General y en el Hospital de la Madre y el ni\u00f1o, en un horario de 9:00 am a 3:00 pm.<\/p>\n\n\n\n<p>De igual modo, para el municipio de Ometepec, dijo, se aplicar\u00e1n las vacunas a ni\u00f1as y ni\u00f1os de 5 a 11 a\u00f1os de edad en el Hospital General, del martes 26 al viernes 29 julio.<\/p>\n\n\n\n<p>El funcionario federal tambi\u00e9n dio a conocer que concluy\u00f3 la vacunaci\u00f3n contra covid a un total de 39 mil 460 ni\u00f1as y ni\u00f1os de 5 a 11 a\u00f1os del municipio de Acapulco.<\/p>\n\n\n\n<p>Destac\u00f3 la participaci\u00f3n y respeto de la ciudadan\u00eda a la convocatoria, lo que permiti\u00f3 que la jornada fuera efectiva en la aplicaci\u00f3n de las vacunas durante los siete d\u00edas que abarc\u00f3 la jornada.<\/p>\n","protected":false},"excerpt":{"rendered":"<p>Chilpancingo, Gro, 23 de julio del 2022.- El delegado de los programas federales, Iv\u00e1n Hern\u00e1ndez D\u00edaz, inform\u00f3 que el 26 de julio dar\u00e1 inicio la jornada de vacunaci\u00f3n contra COVID&hellip; <\/p>\n","protected":false},"author":19,"featured_media":48212,"comment_status":"open","ping_status":"open","sticky":false,"template":"","format":"standard","meta":{"fifu_image_url":"","fifu_image_alt":"","footnotes":""},"categories":[3],"tags":[],"class_list":["post-48211","post","type-post","status-publish","format-standard","has-post-thumbnail","hentry","category-covid-19"],"_links":{"self":[{"href":"https:\/\/www.interaccionnoticias.com.mx\/index.php?rest_route=\/wp\/v2\/posts\/48211","targetHints":{"allow":["GET"]}}],"collection":[{"href":"https:\/\/www.interaccionnoticias.com.mx\/index.php?rest_route=\/wp\/v2\/posts"}],"about":[{"href":"https:\/\/www.interaccionnoticias.com.mx\/index.php?rest_route=\/wp\/v2\/types\/post"}],"author":[{"embeddable":true,"href":"https:\/\/www.interaccionnoticias.com.mx\/index.php?rest_route=\/wp\/v2\/users\/19"}],"replies":[{"embeddable":true,"href":"https:\/\/www.interaccionnoticias.com.mx\/index.php?rest_route=%2Fwp%2Fv2%2Fcomments&post=48211"}],"version-history":[{"count":1,"href":"https:\/\/www.interaccionnoticias.com.mx\/index.php?rest_route=\/wp\/v2\/posts\/48211\/revisions"}],"predecessor-version":[{"id":48213,"href":"https:\/\/www.interaccionnoticias.com.mx\/index.php?rest_route=\/wp\/v2\/posts\/48211\/revisions\/48213"}],"wp:featuredmedia":[{"embeddable":true,"href":"https:\/\/www.interaccionnoticias.com.mx\/index.php?rest_route=\/wp\/v2\/media\/48212"}],"wp:attachment":[{"href":"https:\/\/www.interaccionnoticias.com.mx\/index.php?rest_route=%2Fwp%2Fv2%2Fmedia&parent=48211"}],"wp:term":[{"taxonomy":"category","embeddable":true,"href":"https:\/\/www.interaccionnoticias.com.mx\/index.php?rest_route=%2Fwp%2Fv2%2Fcategories&post=48211"},{"taxonomy":"post_tag","embeddable":true,"href":"https:\/\/www.interaccionnoticias.com.mx\/index.php?rest_route=%2Fwp%2Fv2%2Ftags&post=48211"}],"curies":[{"name":"wp","href":"https:\/\/api.w.org\/{rel}","templated":true}]}}