{"id":48202,"date":"2022-07-24T15:35:50","date_gmt":"2022-07-24T20:35:50","guid":{"rendered":"https:\/\/interaccionnoticias.com.mx\/?p=48202"},"modified":"2022-07-24T15:35:54","modified_gmt":"2022-07-24T20:35:54","slug":"la-jornada-de-violencia-deja-cuatro-muertos-en-guerrero","status":"publish","type":"post","link":"https:\/\/www.interaccionnoticias.com.mx\/?p=48202","title":{"rendered":"La Jornada de violencia deja cuatro muertos en Guerrero"},"content":{"rendered":"\n<p><strong><em>&#8212; Asesinan a tres en Acapulco<br>&#8212; Uno m\u00e1s en el puerto de Zihuatanejo, era ch\u00f3fer de Urvan<br>&#8212; FGE investiga homicidios del fin de semana en ambas localidades<\/em><\/strong><\/p>\n\n\n\n<p><strong>Javier Trujillo<\/strong><\/p>\n\n\n\n<p><strong>Acapulco, Gro.-<\/strong> Tres hombres que se desempe\u00f1aban como choferes de camionetas de pasajeros tipo Urvan en Acapulco y Zihuatanejo, fueron ultimados, a balazos.<\/p>\n\n\n\n<p>Otro m\u00e1s, al poniente de Acapulco, con torniquete en el cuello, en hechos de violencia ocurridos en distintas colonias de Acapulco.<\/p>\n\n\n\n<p>Mientras en Zihuatanejo, un hombre que era ch\u00f3fer de una Urvan, fue asesinado a balazos, y era originario de la fronteriza Ciudad de Tijuana, en el estado de Baja California.<\/p>\n\n\n\n<p>En tanto, la Fiscal\u00eda General del Estado, a trav\u00e9s de la Polic\u00eda Investigadora Ministerial, abri\u00f3 las carpetas de investigaci\u00f3n por los delitos de homicidio por arma de fuego en contra de quienes resulten responsables y en agravio de tres hombres, por hechos ocurridos en los puertos de Acapulco y Zihuatanejo.<\/p>\n\n\n\n<p>En la zona poniente del puerto de Acapulco, en el poblado de El Pedregoso, se encontraron los cuerpos de dos hombres sin vida.<\/p>\n\n\n\n<p>Una llamada al Servicio de Emergencia del 911, alert\u00f3 a las diferentes corporaciones de seguridad, por disparos de arma de grueso calibre, en la avenida principal de la colonia El Pedregoso.<\/p>\n\n\n\n<p>Una de las v\u00edctimas, qued\u00f3 al interior de la terminal de las camionetas de pasajeros tipo Urvan, con la ruta Pedregoso-Centro, atr\u00e1s de los ba\u00f1os.<\/p>\n\n\n\n<p>El ch\u00f3fer de una de las unidades, intento correr para tratar de salvarse de sus agresores, al morir contaba con 25 a\u00f1os de edad, fue atacado de varios impactos de arma de fuego en cuerpo y cabeza.<\/p>\n\n\n\n<p>El otro ch\u00f3fer de la camioneta Urvan, trato de huir, pero fue alcanzado y al morir contaba con 36 a\u00f1os de edad, qued\u00f3 aproximadamente a cien metros de la calle Mara\u00f1ona del citado poblado, ubicado al poniente de Acapulco.<\/p>\n\n\n\n<p>Del mismo modo, sus agresores le dispararon al cuerpo y la cabeza del conductor de la Urvan, para as\u00ed asegurarse de su muerte.<\/p>\n\n\n\n<p>Otra v\u00edctima, fue abandonada tras privarlo de la vida en la colonia La Joya, tambi\u00e9n al poniente del puerto rumbo a Pie de la Cuesta.<\/p>\n\n\n\n<p>La v\u00edctima fue encontrada privada de la vida, con un torniquete en el cuello, en la carretera federal Mozimba-Pie de la Cuesta, en la colonia La Joya.<\/p>\n\n\n\n<p>Seg\u00fan el reporte policiaco, el hallazgo se inform\u00f3, ocurri\u00f3 a las 08:00 horas, la ma\u00f1ana del s\u00e1bado en el punto conocido como La Curva del Diablo, donde se alert\u00f3 de una persona sin vida.<\/p>\n\n\n\n<p>En el puerto de Zihuatanejo, en el fraccionamiento Infonavit de Zihuatanejo, regi\u00f3n de la Costa Grande, fue encontrado el cad\u00e1ver con impactos de proyectil de arma de fuego.<\/p>\n\n\n\n<p>El cuerpo se encontr\u00f3 en el interior de un negocio de vinos y licores con raz\u00f3n social \u00abLa Bodeguita\u00bb.<\/p>\n\n\n\n<p>La v\u00edctima, era ch\u00f3fer de una camioneta Urvan en el puerto de Zihuatanejo. El cuerpo ten\u00eda impactos de proyectil de arma de fuego y contaba con 35 a 40 a\u00f1os de edad aproximadamente.<\/p>\n\n\n\n<p>Se sabe que En vida respond\u00eda al nombre de Eduardo \u00abN\u00bb y se desempe\u00f1aba como ch\u00f3fer de urban en Tijuana, pero ten\u00eda dos meses en Zihuatanejo laborando en la misma funci\u00f3n.<\/p>\n","protected":false},"excerpt":{"rendered":"<p>&#8212; Asesinan a tres en Acapulco&#8212; Uno m\u00e1s en el puerto de Zihuatanejo, era ch\u00f3fer de Urvan&#8212; FGE investiga homicidios del fin de semana en ambas localidades Javier Trujillo Acapulco,&hellip; <\/p>\n","protected":false},"author":3,"featured_media":48203,"comment_status":"open","ping_status":"open","sticky":false,"template":"","format":"standard","meta":{"fifu_image_url":"","fifu_image_alt":"","footnotes":""},"categories":[27],"tags":[],"class_list":["post-48202","post","type-post","status-publish","format-standard","has-post-thumbnail","hentry","category-seguridad-publica"],"_links":{"self":[{"href":"https:\/\/www.interaccionnoticias.com.mx\/index.php?rest_route=\/wp\/v2\/posts\/48202","targetHints":{"allow":["GET"]}}],"collection":[{"href":"https:\/\/www.interaccionnoticias.com.mx\/index.php?rest_route=\/wp\/v2\/posts"}],"about":[{"href":"https:\/\/www.interaccionnoticias.com.mx\/index.php?rest_route=\/wp\/v2\/types\/post"}],"author":[{"embeddable":true,"href":"https:\/\/www.interaccionnoticias.com.mx\/index.php?rest_route=\/wp\/v2\/users\/3"}],"replies":[{"embeddable":true,"href":"https:\/\/www.interaccionnoticias.com.mx\/index.php?rest_route=%2Fwp%2Fv2%2Fcomments&post=48202"}],"version-history":[{"count":1,"href":"https:\/\/www.interaccionnoticias.com.mx\/index.php?rest_route=\/wp\/v2\/posts\/48202\/revisions"}],"predecessor-version":[{"id":48204,"href":"https:\/\/www.interaccionnoticias.com.mx\/index.php?rest_route=\/wp\/v2\/posts\/48202\/revisions\/48204"}],"wp:featuredmedia":[{"embeddable":true,"href":"https:\/\/www.interaccionnoticias.com.mx\/index.php?rest_route=\/wp\/v2\/media\/48203"}],"wp:attachment":[{"href":"https:\/\/www.interaccionnoticias.com.mx\/index.php?rest_route=%2Fwp%2Fv2%2Fmedia&parent=48202"}],"wp:term":[{"taxonomy":"category","embeddable":true,"href":"https:\/\/www.interaccionnoticias.com.mx\/index.php?rest_route=%2Fwp%2Fv2%2Fcategories&post=48202"},{"taxonomy":"post_tag","embeddable":true,"href":"https:\/\/www.interaccionnoticias.com.mx\/index.php?rest_route=%2Fwp%2Fv2%2Ftags&post=48202"}],"curies":[{"name":"wp","href":"https:\/\/api.w.org\/{rel}","templated":true}]}}