{"id":4817,"date":"2017-05-30T20:05:41","date_gmt":"2017-05-31T01:05:41","guid":{"rendered":"http:\/\/www.inter-accion.com.mx\/?p=4817"},"modified":"2017-05-30T20:05:41","modified_gmt":"2017-05-31T01:05:41","slug":"autodefensa-de-zona-minera-logra-el-aval-del-gobierno","status":"publish","type":"post","link":"https:\/\/www.interaccionnoticias.com.mx\/?p=4817","title":{"rendered":"Autodefensa de zona minera logra el aval del Gobierno"},"content":{"rendered":"<p><strong>Este mi\u00e9rcoles habr\u00e1 una verificaci\u00f3n gubernamental en Mezcala<\/strong><br \/>\nTras reunirse en privado con representantes del gobierno estatal y de la Polic\u00eda Federal (PF), comisarios de la zona minera de Eduardo Neri y Tepecoacuilco lograron el aval para la permanencia de la polic\u00eda ciudadana que presentaron la jornada del domingo 28 de mayo.<br \/>\nNelson Figueroa, uno de los representantes del ejido de Carrizalillo, explic\u00f3 que tal y como se ten\u00eda previsto, el encuentro se desarroll\u00f3 en las oficinas de la Secretar\u00eda General de Gobierno, en la capital del estado.<br \/>\nDe los diez pueblos que est\u00e1n en el proyecto llegaron ocho comisarios y representantes, faltaron solo Tenantla y Balsas Sur, aunque aclararon que no pudieron trasladarse porque durante la ma\u00f1ana del martes 30 hubo mal tiempo y les fue imposible salir de sus pueblos.<br \/>\nSin embargo, si llegaron Amatitl\u00e1n; Carrizalillo, Tepehuaje, san Miguel Vista Hermosa,&nbsp;Masapa, Plan de Liebres, la colonia Valerio Trujano y Mezcala, que es donde se centra la vigilancia, por ser el paso obligado para llegar a las comunidades que se ubican en la parte alta del corredor minero.<br \/>\nEntre los primeros acuerdos pactados con las autoridades, se encuentra el hecho de que la jornada del mi\u00e9rcoles, el subsecretario de la Secretar\u00eda General de Gobierno para Asuntos Pol\u00edticos, &nbsp;Mart\u00edn Maldonado estar\u00e1 en la comunidad de Mezcala para dialogar nuevamente con los comisarios y ratificar los avances que se alcanzaron este martes.<br \/>\nEl funcionario les entregar\u00e1 informaci\u00f3n documental respecto a como deben trabajar bajo el sistema de polic\u00edas comunitarias.<br \/>\nTambi\u00e9n verificar\u00e1 las condiciones en que trabajan los dos puestos de revisi\u00f3n que la polic\u00eda ciudadana instalaron sobre la carretera federal, para efecto de observar el armamento que portan y que no est\u00e9n cubiertos del rostro.<br \/>\nLa ma\u00f1ana del 30 de mayo, en la residencia oficial, el gobernador H\u00e9ctor Astudillo Flores manifest\u00f3 su preocupaci\u00f3n por el hecho de que los integrantes de la autodefensa no se cubran el rostro con capuchas, ya que eso genera una mala percepci\u00f3n en la sociedad.<br \/>\nEl jefe del Ejecutivo local, no descart\u00f3 la posibilidad de que la autodefensa en la zona minera est\u00e9 relacionada con la que se present\u00f3 hace un par de semanas en el municipio de Helidoro Castillo, en lo que se considera como la zona de mayor producci\u00f3n de amapola del pa\u00eds; la Sierra de Tlacotepec.<br \/>\nSin embargo, el gobernador dijo que esperar\u00eda que fluyeran los resultados del dialogo entre los comisarios, la Secretar\u00eda General de Gobierno y mandos de la PF, para conocer m\u00e1s detalles sobre lo que sucede en Mezcala.<br \/>\n&nbsp;&nbsp;&nbsp;&nbsp;&nbsp;&nbsp;<\/p>\n","protected":false},"excerpt":{"rendered":"<p>Este mi\u00e9rcoles habr\u00e1 una verificaci\u00f3n gubernamental en Mezcala Tras reunirse en privado con representantes del gobierno estatal y de la Polic\u00eda Federal (PF), comisarios de la zona minera de Eduardo&hellip; <\/p>\n","protected":false},"author":1,"featured_media":0,"comment_status":"closed","ping_status":"closed","sticky":false,"template":"","format":"standard","meta":{"fifu_image_url":"","fifu_image_alt":"","footnotes":""},"categories":[8,15],"tags":[],"class_list":["post-4817","post","type-post","status-publish","format-standard","hentry","category-featured","category-movimientos-sociales"],"_links":{"self":[{"href":"https:\/\/www.interaccionnoticias.com.mx\/index.php?rest_route=\/wp\/v2\/posts\/4817","targetHints":{"allow":["GET"]}}],"collection":[{"href":"https:\/\/www.interaccionnoticias.com.mx\/index.php?rest_route=\/wp\/v2\/posts"}],"about":[{"href":"https:\/\/www.interaccionnoticias.com.mx\/index.php?rest_route=\/wp\/v2\/types\/post"}],"author":[{"embeddable":true,"href":"https:\/\/www.interaccionnoticias.com.mx\/index.php?rest_route=\/wp\/v2\/users\/1"}],"replies":[{"embeddable":true,"href":"https:\/\/www.interaccionnoticias.com.mx\/index.php?rest_route=%2Fwp%2Fv2%2Fcomments&post=4817"}],"version-history":[{"count":0,"href":"https:\/\/www.interaccionnoticias.com.mx\/index.php?rest_route=\/wp\/v2\/posts\/4817\/revisions"}],"wp:attachment":[{"href":"https:\/\/www.interaccionnoticias.com.mx\/index.php?rest_route=%2Fwp%2Fv2%2Fmedia&parent=4817"}],"wp:term":[{"taxonomy":"category","embeddable":true,"href":"https:\/\/www.interaccionnoticias.com.mx\/index.php?rest_route=%2Fwp%2Fv2%2Fcategories&post=4817"},{"taxonomy":"post_tag","embeddable":true,"href":"https:\/\/www.interaccionnoticias.com.mx\/index.php?rest_route=%2Fwp%2Fv2%2Ftags&post=4817"}],"curies":[{"name":"wp","href":"https:\/\/api.w.org\/{rel}","templated":true}]}}