{"id":48094,"date":"2022-07-20T17:41:52","date_gmt":"2022-07-20T22:41:52","guid":{"rendered":"https:\/\/interaccionnoticias.com.mx\/?p=48094"},"modified":"2022-07-20T17:41:57","modified_gmt":"2022-07-20T22:41:57","slug":"pruebas-gratuitas-de-covid-19-del-ayuntamiento-se-suspenderan-el-proximo-viernes","status":"publish","type":"post","link":"https:\/\/www.interaccionnoticias.com.mx\/?p=48094","title":{"rendered":"Pruebas gratuitas de Covid-19 del ayuntamiento se suspender\u00e1n el pr\u00f3ximo viernes"},"content":{"rendered":"\n<p><strong><em>&#8212; Se espera una baja el la cifra de contagios<\/em><\/strong><\/p>\n\n\n\n<p><strong>Jes\u00fas Dorantes<\/strong><\/p>\n\n\n\n<p><strong>Chilpancingo, Gro.- <\/strong>Las pruebas r\u00e1pidas para la detecci\u00f3n de Covid-19 que el ayuntamiento capitalino aplica en el z\u00f3calo se suspender\u00e1n el pr\u00f3ximo viernes 22 de julio, ante la posible disminuci\u00f3n de contagios que se tiene estimada por la Secretar\u00eda de Salud Municipal.<\/p>\n\n\n\n<p>El titular de Salud de Chilpancingo, Cipriano Guti\u00e9rrez Castro dio a conocer que se espera que en la gr\u00e1fica que se lleva sobre el alza de contagios de Covid-19 haya un descenso considerable para el fin de semana, provocando que la curva que iba en incremento se aplane en los pr\u00f3ximos d\u00edas.<\/p>\n\n\n\n<p>Durante los diez d\u00edas que a permanecido el m\u00f3dulo de pruebas, Guti\u00e9rrez Castro coment\u00f3 que se han aplicado 784 pruebas de las cuales 363 resultaron positivas, dejando un porcentaje del 46% personas contagiadas en la capital.<\/p>\n\n\n\n<p>La cifra de asistentes en el m\u00f3dulo disminuy\u00f3 en los \u00faltimos d\u00edas, por lo que fue tomada la decisi\u00f3n de retirarlo, ya que asist\u00edan hasta 130 personas al d\u00eda y a la fecha s\u00f3lo 90 en promedio, la mayor\u00eda con s\u00edntomas menores debido a que cuentan con un esquema de vacunaci\u00f3n de dos o tres dosis.<\/p>\n\n\n\n<p>Se espera que contrario a las once semanas que se ten\u00eda previsto que durar\u00e1 la quinta ola, en realidad esta se reduzca a solo ocho semanas, en las que exhorto a la ciudadan\u00eda a no bajar la guardia y continuar con las medidas de prevenci\u00f3n b\u00e1sicas, como es el uso correcto de cubrebocas, gel antibacterial y sana distancia.<\/p>\n","protected":false},"excerpt":{"rendered":"<p>&#8212; Se espera una baja el la cifra de contagios Jes\u00fas Dorantes Chilpancingo, Gro.- Las pruebas r\u00e1pidas para la detecci\u00f3n de Covid-19 que el ayuntamiento capitalino aplica en el z\u00f3calo&hellip; <\/p>\n","protected":false},"author":8,"featured_media":48095,"comment_status":"open","ping_status":"open","sticky":false,"template":"","format":"standard","meta":{"fifu_image_url":"","fifu_image_alt":"","footnotes":""},"categories":[3],"tags":[],"class_list":["post-48094","post","type-post","status-publish","format-standard","has-post-thumbnail","hentry","category-covid-19"],"_links":{"self":[{"href":"https:\/\/www.interaccionnoticias.com.mx\/index.php?rest_route=\/wp\/v2\/posts\/48094","targetHints":{"allow":["GET"]}}],"collection":[{"href":"https:\/\/www.interaccionnoticias.com.mx\/index.php?rest_route=\/wp\/v2\/posts"}],"about":[{"href":"https:\/\/www.interaccionnoticias.com.mx\/index.php?rest_route=\/wp\/v2\/types\/post"}],"author":[{"embeddable":true,"href":"https:\/\/www.interaccionnoticias.com.mx\/index.php?rest_route=\/wp\/v2\/users\/8"}],"replies":[{"embeddable":true,"href":"https:\/\/www.interaccionnoticias.com.mx\/index.php?rest_route=%2Fwp%2Fv2%2Fcomments&post=48094"}],"version-history":[{"count":1,"href":"https:\/\/www.interaccionnoticias.com.mx\/index.php?rest_route=\/wp\/v2\/posts\/48094\/revisions"}],"predecessor-version":[{"id":48096,"href":"https:\/\/www.interaccionnoticias.com.mx\/index.php?rest_route=\/wp\/v2\/posts\/48094\/revisions\/48096"}],"wp:featuredmedia":[{"embeddable":true,"href":"https:\/\/www.interaccionnoticias.com.mx\/index.php?rest_route=\/wp\/v2\/media\/48095"}],"wp:attachment":[{"href":"https:\/\/www.interaccionnoticias.com.mx\/index.php?rest_route=%2Fwp%2Fv2%2Fmedia&parent=48094"}],"wp:term":[{"taxonomy":"category","embeddable":true,"href":"https:\/\/www.interaccionnoticias.com.mx\/index.php?rest_route=%2Fwp%2Fv2%2Fcategories&post=48094"},{"taxonomy":"post_tag","embeddable":true,"href":"https:\/\/www.interaccionnoticias.com.mx\/index.php?rest_route=%2Fwp%2Fv2%2Ftags&post=48094"}],"curies":[{"name":"wp","href":"https:\/\/api.w.org\/{rel}","templated":true}]}}