{"id":48091,"date":"2022-07-20T17:38:37","date_gmt":"2022-07-20T22:38:37","guid":{"rendered":"https:\/\/interaccionnoticias.com.mx\/?p=48091"},"modified":"2022-07-20T17:38:41","modified_gmt":"2022-07-20T22:38:41","slug":"primero-la-excluyen-de-la-fotografia-de-generacion-ahora-amenazan-con-no-entregarle-sus-documentos","status":"publish","type":"post","link":"https:\/\/www.interaccionnoticias.com.mx\/?p=48091","title":{"rendered":"Primero la excluyen de la fotograf\u00eda de generaci\u00f3n, ahora amenazan con no entregarle sus documentos"},"content":{"rendered":"\n<p><strong><em>&#8212; Diana Astudillo primero fue v\u00edctima de discriminaci\u00f3n por no portar un uniforme de gala, ahora, podr\u00eda no ser convocada a la clausura, ante la denunbcia hecha por su padre<\/em><\/strong><\/p>\n\n\n\n<p><strong>Jes\u00fas Dorantes<\/strong><\/p>\n\n\n\n<p><strong>Chilpancingo, Gro.-<\/strong> El se\u00f1or Jos\u00e9 Astudillo Rodr\u00edguez, padre de la menor Diana Abril Astudillo acudi\u00f3 a la Comisi\u00f3n De Derechos Humanos del Estado de Guerrero (CDHEG) para denunciar que su hija, una alumna con un promedio escolar de 9.4 primero fue escluida de la fotograf\u00eda de su generaci\u00f3n, pero ahora es amenazada con no recibir sus documentos, en la clausura de la primaria \u201cFederico Enarnaci\u00f3n\u201d, ubicada en la cabecera municipal de M\u00e1rtir de Cuilapan.<\/p>\n\n\n\n<p>Este mi\u00e9rcoles, el se\u00f1or Astudillo Rodr\u00edguez viaj\u00f3 junto con su hija hasta el municipio de Chilpancingo, d\u00f3nde presentarobn una denuncia ante la CDHEG, luego de que el 15 de julio se le negara la posibilidad de aparecer en la foto de generaci\u00f3n, la que se toma a partir del fin de curso con sus compa\u00f1eros de sexto grado.<\/p>\n\n\n\n<p>El argumento fue en el sentido de que Diana no portaba el uniforme correcto.<\/p>\n\n\n\n<p>El padre de Diana asegur\u00f3 que no es la primera vez que el director de la instituci\u00f3n comete un acto similar de prepotencia, ya que hay varios casos que otros padres que no lo han querido denunciar, por lo que espera que su denuncia deje un precedente y no cometa m\u00e1s actos similares en contra de los alumnos y padres de familia.<\/p>\n\n\n\n<p>Una de las solicitudes de la familia Astudillo, es que el profesor Getulio Sebasti\u00e1n Cuevas sea destituido de su cargo, ya que les fue informado que hizo llegar un escrito a las autoridades escolares en el que se deslinda de lo que ocurri\u00f3, bajo el argumento de que el no estuvo presente en la toma de decisiones relacionadas con la fotograf\u00eda escolar.<\/p>\n\n\n\n<p>Diana Abril Astudillo tiene un buen nivel acad\u00e9mico, lo que propici\u00f3 que fuera incorporada a la escolta escolar, puesto que tambi\u00e9n el director amenaz\u00f3 con sustituirla y hasta negarle la entrega de sus papeles, en la clausura que est\u00e1 programada para el pr\u00f3ximo 28 de julio.<\/p>\n\n\n\n<p>Dijo que esperar\u00e1 a ver cual ser\u00e1 la determinaci\u00f3n de las autoridades educativas, ya que existen antecedentes de que las fotograf\u00edas de fin de curso se han tomado sin que sea obligatorio un tipo de uniforme, siendo un acto de exclusi\u00f3n su hija, situaci\u00f3n que no se debe repetir.<\/p>\n","protected":false},"excerpt":{"rendered":"<p>&#8212; Diana Astudillo primero fue v\u00edctima de discriminaci\u00f3n por no portar un uniforme de gala, ahora, podr\u00eda no ser convocada a la clausura, ante la denunbcia hecha por su padre&hellip; <\/p>\n","protected":false},"author":8,"featured_media":48092,"comment_status":"open","ping_status":"open","sticky":false,"template":"","format":"standard","meta":{"fifu_image_url":"","fifu_image_alt":"","footnotes":""},"categories":[29],"tags":[],"class_list":["post-48091","post","type-post","status-publish","format-standard","has-post-thumbnail","hentry","category-sociedad"],"_links":{"self":[{"href":"https:\/\/www.interaccionnoticias.com.mx\/index.php?rest_route=\/wp\/v2\/posts\/48091","targetHints":{"allow":["GET"]}}],"collection":[{"href":"https:\/\/www.interaccionnoticias.com.mx\/index.php?rest_route=\/wp\/v2\/posts"}],"about":[{"href":"https:\/\/www.interaccionnoticias.com.mx\/index.php?rest_route=\/wp\/v2\/types\/post"}],"author":[{"embeddable":true,"href":"https:\/\/www.interaccionnoticias.com.mx\/index.php?rest_route=\/wp\/v2\/users\/8"}],"replies":[{"embeddable":true,"href":"https:\/\/www.interaccionnoticias.com.mx\/index.php?rest_route=%2Fwp%2Fv2%2Fcomments&post=48091"}],"version-history":[{"count":1,"href":"https:\/\/www.interaccionnoticias.com.mx\/index.php?rest_route=\/wp\/v2\/posts\/48091\/revisions"}],"predecessor-version":[{"id":48093,"href":"https:\/\/www.interaccionnoticias.com.mx\/index.php?rest_route=\/wp\/v2\/posts\/48091\/revisions\/48093"}],"wp:featuredmedia":[{"embeddable":true,"href":"https:\/\/www.interaccionnoticias.com.mx\/index.php?rest_route=\/wp\/v2\/media\/48092"}],"wp:attachment":[{"href":"https:\/\/www.interaccionnoticias.com.mx\/index.php?rest_route=%2Fwp%2Fv2%2Fmedia&parent=48091"}],"wp:term":[{"taxonomy":"category","embeddable":true,"href":"https:\/\/www.interaccionnoticias.com.mx\/index.php?rest_route=%2Fwp%2Fv2%2Fcategories&post=48091"},{"taxonomy":"post_tag","embeddable":true,"href":"https:\/\/www.interaccionnoticias.com.mx\/index.php?rest_route=%2Fwp%2Fv2%2Ftags&post=48091"}],"curies":[{"name":"wp","href":"https:\/\/api.w.org\/{rel}","templated":true}]}}