{"id":48066,"date":"2022-07-19T19:45:49","date_gmt":"2022-07-20T00:45:49","guid":{"rendered":"https:\/\/interaccionnoticias.com.mx\/?p=48066"},"modified":"2022-07-19T19:45:53","modified_gmt":"2022-07-20T00:45:53","slug":"asesinan-en-oaxaca-a-ex-integrante-del-epr","status":"publish","type":"post","link":"https:\/\/www.interaccionnoticias.com.mx\/?p=48066","title":{"rendered":"Asesinan en Oaxaca a ex integrante del EPR"},"content":{"rendered":"\n<p><strong><em>&#8212; \u00c1lvaro Sebasti\u00e1n apenas hab\u00eda salido de prisi\u00f3n<br>&#8212; Era se\u00f1alado de operar financieramente para la guerrilla<\/em><\/strong><\/p>\n\n\n\n<p><strong>SNI<\/strong><\/p>\n\n\n\n<p>En Oaxaca sujetos desconocidos asesinaron a Alvaro Sebastian Ram\u00edrez, ex preso pol\u00edtico, -quien fue acusado de ser miembro del autodenominado Ej\u00e9rcito Popular Revolucionario (EPR),- y apenas hab\u00eda obtenido su libertad., report\u00f3 la Fiscal\u00eda General de Justicia (FGJO)<\/p>\n\n\n\n<p>La v\u00edctima de 64 a\u00f1os, identificado con el (a) de \u201cEl profe o el Teacher\u201d fue asesinado esta tarde en su domicilio ubicado en la colonia Colinas de San Jos\u00e9 de Santa Cruz Xoxocotl\u00e1n.<\/p>\n\n\n\n<p>De acuerdo con el reporte policial, sujetos desconocidos huyeron en una motocicleta color azul.<\/p>\n\n\n\n<p>De acuerdo con el testimonio de la esposa de la v\u00edctima,Quirina Ambrosio Antonio, ella se encontraba con su c\u00f3nyuge laborando acarreando grava para tapar los baches en la calle, cuando aparecieron dos desconocidos que sin medir palabra, encararon a su pareja y lo asesinaron de varios disparos de arma de fuego antes de escapar del lugar.<\/p>\n\n\n\n<p>Sebastian Ram\u00edrez, era originario de San Agustin Loxicha fue detenido en 1996 por las fuerzas de seguridad estatal y federal, ademas de elementos de la marina y el ej\u00e9rcito, acusado de ser el operador financiero del EPR, y cometer delitos contra la seguridad nacional luego de los ataques armados perpetrados a instalaciones polic\u00edas y militares en Tlaxiaco y las Bah\u00edas de Huatulco, donde fueron asesinados militares y polic\u00edas.<\/p>\n\n\n\n<p>La v\u00edctima estuvo preso y procesado en el penal federal de Mengol\u00ed, Miahuatl\u00e1n, donde estuvo recluido durante 19 a\u00f1os, hasta que fue excarcelado el 7 de julio de 2017, luego de que obtuvo de un juez de distrito una libertad anticipada.<\/p>\n\n\n\n<p>Otros implicados en los hechos entre 1998 y 2001 obtuvieron su libertad luego de una ley de amnist\u00eda aprobada por el Congreso Local.<\/p>\n\n\n\n<p>INVESTIGACI\u00d3N<\/p>\n\n\n\n<p>De acuerdo a las indagatorias realizadas por la Fiscal\u00eda General de Justicia (FGJO) la v\u00edctima, en el ataque Alvaro Sebastian, habia recibido amenazas de muerte, por parte de grupos caciquiles del municipio de San Agust\u00edn Loxicha por haber demandado<\/p>\n\n\n\n<p>La destituci\u00f3n de Mois\u00e9s Santiago, Presidente Municipal de San Agust\u00edn Loxicha y aspiraba a contender por la alcald\u00eda de esa demarcaci\u00f3n en las elecciones de concejales que se celebrar\u00e1n este a\u00f1o.<\/p>\n","protected":false},"excerpt":{"rendered":"<p>&#8212; \u00c1lvaro Sebasti\u00e1n apenas hab\u00eda salido de prisi\u00f3n&#8212; Era se\u00f1alado de operar financieramente para la guerrilla SNI En Oaxaca sujetos desconocidos asesinaron a Alvaro Sebastian Ram\u00edrez, ex preso pol\u00edtico, -quien&hellip; <\/p>\n","protected":false},"author":4,"featured_media":48067,"comment_status":"open","ping_status":"open","sticky":false,"template":"","format":"standard","meta":{"fifu_image_url":"","fifu_image_alt":"","footnotes":""},"categories":[27],"tags":[],"class_list":["post-48066","post","type-post","status-publish","format-standard","has-post-thumbnail","hentry","category-seguridad-publica"],"_links":{"self":[{"href":"https:\/\/www.interaccionnoticias.com.mx\/index.php?rest_route=\/wp\/v2\/posts\/48066","targetHints":{"allow":["GET"]}}],"collection":[{"href":"https:\/\/www.interaccionnoticias.com.mx\/index.php?rest_route=\/wp\/v2\/posts"}],"about":[{"href":"https:\/\/www.interaccionnoticias.com.mx\/index.php?rest_route=\/wp\/v2\/types\/post"}],"author":[{"embeddable":true,"href":"https:\/\/www.interaccionnoticias.com.mx\/index.php?rest_route=\/wp\/v2\/users\/4"}],"replies":[{"embeddable":true,"href":"https:\/\/www.interaccionnoticias.com.mx\/index.php?rest_route=%2Fwp%2Fv2%2Fcomments&post=48066"}],"version-history":[{"count":1,"href":"https:\/\/www.interaccionnoticias.com.mx\/index.php?rest_route=\/wp\/v2\/posts\/48066\/revisions"}],"predecessor-version":[{"id":48068,"href":"https:\/\/www.interaccionnoticias.com.mx\/index.php?rest_route=\/wp\/v2\/posts\/48066\/revisions\/48068"}],"wp:featuredmedia":[{"embeddable":true,"href":"https:\/\/www.interaccionnoticias.com.mx\/index.php?rest_route=\/wp\/v2\/media\/48067"}],"wp:attachment":[{"href":"https:\/\/www.interaccionnoticias.com.mx\/index.php?rest_route=%2Fwp%2Fv2%2Fmedia&parent=48066"}],"wp:term":[{"taxonomy":"category","embeddable":true,"href":"https:\/\/www.interaccionnoticias.com.mx\/index.php?rest_route=%2Fwp%2Fv2%2Fcategories&post=48066"},{"taxonomy":"post_tag","embeddable":true,"href":"https:\/\/www.interaccionnoticias.com.mx\/index.php?rest_route=%2Fwp%2Fv2%2Ftags&post=48066"}],"curies":[{"name":"wp","href":"https:\/\/api.w.org\/{rel}","templated":true}]}}