{"id":48047,"date":"2022-07-19T15:26:31","date_gmt":"2022-07-19T20:26:31","guid":{"rendered":"https:\/\/interaccionnoticias.com.mx\/?p=48047"},"modified":"2022-07-19T15:26:36","modified_gmt":"2022-07-19T20:26:36","slug":"no-se-olviden-de-los-43-pide-vidulfo-rosales-al-gobierno-de-guerrero","status":"publish","type":"post","link":"https:\/\/www.interaccionnoticias.com.mx\/?p=48047","title":{"rendered":"\u00abNo se olviden de los 43\u00bb, pide Vidulfo Rosales al gobierno de Guerrero"},"content":{"rendered":"\n<p><strong><em>&#8212; Cataloga al Protocolo Violeta como un acierto, pero pide avanzar en la lucha contra la impunidad<\/em><\/strong><\/p>\n\n\n\n<p><strong>Jes\u00fas Dorantes<\/strong><\/p>\n\n\n\n<p>Chilpancingo, Gro.- El abogado de los padres de los 43, Vidulfo Rosales Sierra calific\u00f3 al Protocolo Violeta -que acelera la b\u00fasqueda de mujeres y ni\u00f1as desaparecidas- como un acierto, pero solicit\u00f3 al Gobierno de Guerrero no olvidarse de las victimas del caso Ayotzinapa ni de los cr\u00edmenes que todav\u00eda permanecen en la impunidad.<\/p>\n\n\n\n<p>Rosales Sierra manifest\u00f3 su aprobaci\u00f3n al protocolo que operar\u00e1 bajo la consigna de que \u201cCada Minuto Cuenta\u201d en casos de desapariciones de mujeres y ni\u00f1as.<\/p>\n\n\n\n<p>En su cuenta de Facebook, el abogado Rosales cit\u00f3 una nota period\u00edstica de la presentaci\u00f3n del nuevo protocolo, encaminado a la agilizaci\u00f3n de la b\u00fasqueda y localizaci\u00f3n de ni\u00f1as, j\u00f3venes y mujeres reportadas como desaparecidas en el estado, la cual acompa\u00f1o de la siguiente afirmaci\u00f3n:<\/p>\n\n\n\n<p>\u201cEl protocolo violeta es una iniciativa acertada. Ojal\u00e1 se aplique y los funcionarios de operarla act\u00faen con diligencia y profesionalismo\u201d.<\/p>\n\n\n\n<p>Posteriormente, advirti\u00f3 que la preocupaci\u00f3n que surge ante la presentaci\u00f3n de un proyecto como el antes mencionado, consiste en la situaci\u00f3n que se vive en Guerrero, d\u00f3nde existen \u201cdesapariciones desde la guerra sucia hasta la violencia por el crimen organizado, que se aceler\u00f3 en 2006\u201d.<\/p>\n\n\n\n<p>Indic\u00f3 adem\u00e1s, que hasta la fecha no se ha logrado esclarecer la desaparici\u00f3n de los 43 j\u00f3venes estudiantes de la Normal Rural de Ayotzinapa, tras los ataques del 26 y 27 de septiembre del 2014, en el municipio de Iguala de la Independencia.<\/p>\n\n\n\n<p>En el texto difundido este martes, Rosales Sierra cuestiona: \u201c\u00bfEste gobierno pretende que olvidemos el 26 de septiembre?, \u00bfQue olvidemos a los estudiantes asesinado?, \u00bfQue olvidemos a los 43 j\u00f3venes desaparecidos?, \u00bfQue olvidemos la corrupci\u00f3n de las fuerzas policiales?, \u00bfLos nefastos v\u00ednculos de las autoridades con la delincuencia organizada?, \u00bfYa super\u00e9nlo como dijo Pe\u00f1a Nieto?\u201d.<\/p>\n\n\n\n<p>En todo caso, dijo que adem\u00e1s de implementar un dispositivo como el anunciado, se debe resolver lo que se tiene pendiente, entre ellos, el caso Iguala.<\/p>\n","protected":false},"excerpt":{"rendered":"<p>&#8212; Cataloga al Protocolo Violeta como un acierto, pero pide avanzar en la lucha contra la impunidad Jes\u00fas Dorantes Chilpancingo, Gro.- El abogado de los padres de los 43, Vidulfo&hellip; <\/p>\n","protected":false},"author":8,"featured_media":48048,"comment_status":"open","ping_status":"open","sticky":false,"template":"","format":"standard","meta":{"fifu_image_url":"","fifu_image_alt":"","footnotes":""},"categories":[15],"tags":[],"class_list":["post-48047","post","type-post","status-publish","format-standard","has-post-thumbnail","hentry","category-movimientos-sociales"],"_links":{"self":[{"href":"https:\/\/www.interaccionnoticias.com.mx\/index.php?rest_route=\/wp\/v2\/posts\/48047","targetHints":{"allow":["GET"]}}],"collection":[{"href":"https:\/\/www.interaccionnoticias.com.mx\/index.php?rest_route=\/wp\/v2\/posts"}],"about":[{"href":"https:\/\/www.interaccionnoticias.com.mx\/index.php?rest_route=\/wp\/v2\/types\/post"}],"author":[{"embeddable":true,"href":"https:\/\/www.interaccionnoticias.com.mx\/index.php?rest_route=\/wp\/v2\/users\/8"}],"replies":[{"embeddable":true,"href":"https:\/\/www.interaccionnoticias.com.mx\/index.php?rest_route=%2Fwp%2Fv2%2Fcomments&post=48047"}],"version-history":[{"count":1,"href":"https:\/\/www.interaccionnoticias.com.mx\/index.php?rest_route=\/wp\/v2\/posts\/48047\/revisions"}],"predecessor-version":[{"id":48049,"href":"https:\/\/www.interaccionnoticias.com.mx\/index.php?rest_route=\/wp\/v2\/posts\/48047\/revisions\/48049"}],"wp:featuredmedia":[{"embeddable":true,"href":"https:\/\/www.interaccionnoticias.com.mx\/index.php?rest_route=\/wp\/v2\/media\/48048"}],"wp:attachment":[{"href":"https:\/\/www.interaccionnoticias.com.mx\/index.php?rest_route=%2Fwp%2Fv2%2Fmedia&parent=48047"}],"wp:term":[{"taxonomy":"category","embeddable":true,"href":"https:\/\/www.interaccionnoticias.com.mx\/index.php?rest_route=%2Fwp%2Fv2%2Fcategories&post=48047"},{"taxonomy":"post_tag","embeddable":true,"href":"https:\/\/www.interaccionnoticias.com.mx\/index.php?rest_route=%2Fwp%2Fv2%2Ftags&post=48047"}],"curies":[{"name":"wp","href":"https:\/\/api.w.org\/{rel}","templated":true}]}}