{"id":48044,"date":"2022-07-19T15:20:08","date_gmt":"2022-07-19T20:20:08","guid":{"rendered":"https:\/\/interaccionnoticias.com.mx\/?p=48044"},"modified":"2022-07-19T15:20:13","modified_gmt":"2022-07-19T20:20:13","slug":"dirigente-del-fpfv-denuncia-hostigamiento-por-parte-de-la-fgr","status":"publish","type":"post","link":"https:\/\/www.interaccionnoticias.com.mx\/?p=48044","title":{"rendered":"Dirigente del FPFV denuncia hostigamiento por parte de la FGR"},"content":{"rendered":"\n<p><em><strong>&#8212; Clemencia Guevara se\u00f1ala que tambi\u00e9n pretenden imputarle el accidente de un tr\u00e1iler en la Autopista del Sol<\/strong><\/em><\/p>\n\n\n\n<p><strong>Rogelio Agust\u00edn<\/strong><\/p>\n\n\n\n<p>La dirigente del Frente Popular Francisco Villa (FPFV) en Guerrero, Clemencia Guevara Tejedor denunci\u00f3 ante la Comisi\u00f3n Nacional de Derechos Humanos (CNDH), el hostigamiento que asegura, ha sufrido a manos de personal de la Fiscal\u00eda General de la Rep\u00fablica (FGR), que indica, pretende involucrarla en un caso de homicidio.<\/p>\n\n\n\n<p>Guevara Tejedor explic\u00f3 que la jornada del jueves 14 de julio, por lo menos tres agentes de la FGR se presentaron al domicilio de sus padres, los se\u00f1ores Lucio Guevara Lucrecio y Florencia Tejedor M\u00e9ndez, para solicitarles informaci\u00f3n sobre ella,<\/p>\n\n\n\n<p>Al cuestionar a los agentes sobre la raz\u00f3n por la que preguntaban, los agentes de la FGR les se\u00f1alaron que podr\u00eda estar involucrada en un homicidio, situaci\u00f3n que gener\u00f3 un fuerte impacto en los padres de la dirigente del FPFV.<\/p>\n\n\n\n<p>Guevara refiere que el domicilio de sus padres se encuentra en M\u00e1rtir de Cuilapan, en tanto que ella, se sabe que desde hace varios a\u00f1os radica en Atoyac de Alvarez, lugar en el que incluso difunde peri\u00f3dicamente que prepara comida para vender y generarse ingresos.<\/p>\n\n\n\n<p>La investigaci\u00f3n en su contra, dijo que deriva de un bloqueo que el FPFV, as\u00ed como integrantes del magisterio disidente realizaron el 27 de junio en la Autopista del Sol, cuando un tr\u00e1iler impact\u00f3 a por lo menos ocho veh\u00edculos que se encontraban varados.<\/p>\n\n\n\n<p>Si bien el percance fue aparatoso, no hubo v\u00edctimas mortales, raz\u00f3n por la que la dirigente cuestion\u00f3 la forma en que procedieron los agentes de la FGR.<\/p>\n\n\n\n<p>Record\u00f3 que su padre, el se\u00f1or Lucio Guevara hace algunos meses sufri\u00f3 un preinfarto, raz\u00f3n por la que lo dicho por los agentes federales pudo tener complicaciones de salud muy graves.<\/p>\n\n\n\n<p>Por esa raz\u00f3n es que dijo, acudi\u00f3 a la oficina que la CNDH tiene en el puerto de Acapulco, misma que se encuentra a cargo de Micaela Caba\u00f1as, hija del jefe guerrillero Lucio Caba\u00f1as Barrientos, a quien le report\u00f3 lo sucedido para que tome cartas en el asunto.<\/p>\n\n\n\n<p>Record\u00f3 que el bloqueo en el punto conocido como El Parador del Marqu\u00e9s, tuvo como objetivo presionar a las autoridades para que intensifiquen la b\u00fasqueda del joven Jos\u00e9 Abundio Bola\u00f1os Calvario, quien se encuentra desaparecido desde el pasado 29 de mayo.<\/p>\n\n\n\n<p>Como hasta el momento no se tiene conocimiento del paradero de Bola\u00f1os Calvario, indic\u00f3 que no se pierde de vista la posibilidad de volver a realizar una protesta en la Autopista del Sol, pues el hostigamiento desatado en su contra no puede opacar el reclamo de que su compa\u00f1ero sea buscado y encontrado con vida.<\/p>\n","protected":false},"excerpt":{"rendered":"<p>&#8212; Clemencia Guevara se\u00f1ala que tambi\u00e9n pretenden imputarle el accidente de un tr\u00e1iler en la Autopista del Sol Rogelio Agust\u00edn La dirigente del Frente Popular Francisco Villa (FPFV) en Guerrero,&hellip; <\/p>\n","protected":false},"author":21,"featured_media":48045,"comment_status":"open","ping_status":"open","sticky":false,"template":"","format":"standard","meta":{"fifu_image_url":"","fifu_image_alt":"","footnotes":""},"categories":[15],"tags":[],"class_list":["post-48044","post","type-post","status-publish","format-standard","has-post-thumbnail","hentry","category-movimientos-sociales"],"_links":{"self":[{"href":"https:\/\/www.interaccionnoticias.com.mx\/index.php?rest_route=\/wp\/v2\/posts\/48044","targetHints":{"allow":["GET"]}}],"collection":[{"href":"https:\/\/www.interaccionnoticias.com.mx\/index.php?rest_route=\/wp\/v2\/posts"}],"about":[{"href":"https:\/\/www.interaccionnoticias.com.mx\/index.php?rest_route=\/wp\/v2\/types\/post"}],"author":[{"embeddable":true,"href":"https:\/\/www.interaccionnoticias.com.mx\/index.php?rest_route=\/wp\/v2\/users\/21"}],"replies":[{"embeddable":true,"href":"https:\/\/www.interaccionnoticias.com.mx\/index.php?rest_route=%2Fwp%2Fv2%2Fcomments&post=48044"}],"version-history":[{"count":1,"href":"https:\/\/www.interaccionnoticias.com.mx\/index.php?rest_route=\/wp\/v2\/posts\/48044\/revisions"}],"predecessor-version":[{"id":48046,"href":"https:\/\/www.interaccionnoticias.com.mx\/index.php?rest_route=\/wp\/v2\/posts\/48044\/revisions\/48046"}],"wp:featuredmedia":[{"embeddable":true,"href":"https:\/\/www.interaccionnoticias.com.mx\/index.php?rest_route=\/wp\/v2\/media\/48045"}],"wp:attachment":[{"href":"https:\/\/www.interaccionnoticias.com.mx\/index.php?rest_route=%2Fwp%2Fv2%2Fmedia&parent=48044"}],"wp:term":[{"taxonomy":"category","embeddable":true,"href":"https:\/\/www.interaccionnoticias.com.mx\/index.php?rest_route=%2Fwp%2Fv2%2Fcategories&post=48044"},{"taxonomy":"post_tag","embeddable":true,"href":"https:\/\/www.interaccionnoticias.com.mx\/index.php?rest_route=%2Fwp%2Fv2%2Ftags&post=48044"}],"curies":[{"name":"wp","href":"https:\/\/api.w.org\/{rel}","templated":true}]}}