{"id":48041,"date":"2022-07-19T14:37:48","date_gmt":"2022-07-19T19:37:48","guid":{"rendered":"https:\/\/interaccionnoticias.com.mx\/?p=48041"},"modified":"2022-07-19T14:37:53","modified_gmt":"2022-07-19T19:37:53","slug":"la-siguiente-legislatura-guerrerense-podria-contar-con-un-diputado-migrante-alfredo-sanchez","status":"publish","type":"post","link":"https:\/\/www.interaccionnoticias.com.mx\/?p=48041","title":{"rendered":"La siguiente legislatura guerrerense podr\u00eda contar con un diputado migrante: Alfredo S\u00e1nchez"},"content":{"rendered":"\n<p><strong>Rosario Garc\u00eda Orozco<\/strong><\/p>\n\n\n\n<p><strong>Chilpancingo, Gro., 19 de julio del 2022.- <\/strong>El presidente de la Junta de Coordinaci\u00f3n Pol\u00edtica (Jucopo) del Congreso Local, Alfredo S\u00e1nchez Esquivel, consider\u00f3 que la pr\u00f3xima legislatura podr\u00eda incluir en sus curules al \u00abdiputado migrante\u00bb, que represente al sector que es el sexto lugar en aportaci\u00f3n de remesas de todo el pa\u00eds, con el env\u00edo de 2 mil millones de d\u00f3lares en 2021 a las familias guerrerenses.<\/p>\n\n\n\n<p>Explic\u00f3 que las diputaciones plurinominales son necesarias para equilibrar la representaci\u00f3n no s\u00f3lo de los partidos pol\u00edticos, sino tambi\u00e9n de los sectores como los ind\u00edgenas, las mujeres, los grupos afros, la comunidad l\u00e9sbico gay y en este caso los migrantes, que de acuerdo a un estudio realizado por Magaly V\u00e1zquez Romero, del Instituto de Estudios Parlamentarios Eduardo Neri, son un mill\u00f3n 400 mil paisanos que trabajan fuera del pa\u00eds, y que principalmente se encuentran distribuidos en ciudades de Estados Unidos.<\/p>\n\n\n\n<p>Record\u00f3 que la figura del diputado migrante se ha postergado durante varios a\u00f1os, pero que ser\u00e1 un \u00abacto de justicia\u00bb y agreg\u00f3 que \u00abs\u00ed cabe la posibilidad de que suceda, por la importancia que tiene ese sector, pero es un tema que seguramente tendr\u00e1 que entrar a discusi\u00f3n, es justo, es pertinente y es un acto de respeto para todos aquellos paisanos que est\u00e1n fuera del pa\u00eds luchando para llevarse un pan a la boca y no s\u00f3lo para ellos, sino tambi\u00e9n para sus familias\u00bb.<\/p>\n\n\n\n<p>De acuerdo a cifras del Banco de M\u00e9xico, los migrantes guerrerenses aportan al Producto Interno Bruto del pa\u00eds, cerca de dos mil millones de d\u00f3lares, lo que ubica a la entidad en el sexto estado con mayor env\u00edo de remesas; \u00absi no fuera por los migrantes guerrerenses varios pueblos ser\u00edan pueblos fantasmas porque no habr\u00eda esa fuente de ingresos que genera tranquilidad, estabilidad y hasta paz social\u00bb, dijo el tambi\u00e9n coordinador de la fracci\u00f3n parlamentaria de Morena.<\/p>\n\n\n\n<p>Insisti\u00f3 en que es necesario reconocer la importancia de lo que representa ese sector para Guerrero, por lo que confi\u00f3 en que se concrete el proceso para elegir al diputado migrante, \u00abque si bien es cierto ser\u00e1 compleja esa elecci\u00f3n, tambi\u00e9n es cierto que es un acto de justicia\u00bb, concluy\u00f3.<\/p>\n","protected":false},"excerpt":{"rendered":"<p>Rosario Garc\u00eda Orozco Chilpancingo, Gro., 19 de julio del 2022.- El presidente de la Junta de Coordinaci\u00f3n Pol\u00edtica (Jucopo) del Congreso Local, Alfredo S\u00e1nchez Esquivel, consider\u00f3 que la pr\u00f3xima legislatura&hellip; <\/p>\n","protected":false},"author":14,"featured_media":48042,"comment_status":"open","ping_status":"open","sticky":false,"template":"","format":"standard","meta":{"fifu_image_url":"","fifu_image_alt":"","footnotes":""},"categories":[2],"tags":[],"class_list":["post-48041","post","type-post","status-publish","format-standard","has-post-thumbnail","hentry","category-congreso"],"_links":{"self":[{"href":"https:\/\/www.interaccionnoticias.com.mx\/index.php?rest_route=\/wp\/v2\/posts\/48041","targetHints":{"allow":["GET"]}}],"collection":[{"href":"https:\/\/www.interaccionnoticias.com.mx\/index.php?rest_route=\/wp\/v2\/posts"}],"about":[{"href":"https:\/\/www.interaccionnoticias.com.mx\/index.php?rest_route=\/wp\/v2\/types\/post"}],"author":[{"embeddable":true,"href":"https:\/\/www.interaccionnoticias.com.mx\/index.php?rest_route=\/wp\/v2\/users\/14"}],"replies":[{"embeddable":true,"href":"https:\/\/www.interaccionnoticias.com.mx\/index.php?rest_route=%2Fwp%2Fv2%2Fcomments&post=48041"}],"version-history":[{"count":1,"href":"https:\/\/www.interaccionnoticias.com.mx\/index.php?rest_route=\/wp\/v2\/posts\/48041\/revisions"}],"predecessor-version":[{"id":48043,"href":"https:\/\/www.interaccionnoticias.com.mx\/index.php?rest_route=\/wp\/v2\/posts\/48041\/revisions\/48043"}],"wp:featuredmedia":[{"embeddable":true,"href":"https:\/\/www.interaccionnoticias.com.mx\/index.php?rest_route=\/wp\/v2\/media\/48042"}],"wp:attachment":[{"href":"https:\/\/www.interaccionnoticias.com.mx\/index.php?rest_route=%2Fwp%2Fv2%2Fmedia&parent=48041"}],"wp:term":[{"taxonomy":"category","embeddable":true,"href":"https:\/\/www.interaccionnoticias.com.mx\/index.php?rest_route=%2Fwp%2Fv2%2Fcategories&post=48041"},{"taxonomy":"post_tag","embeddable":true,"href":"https:\/\/www.interaccionnoticias.com.mx\/index.php?rest_route=%2Fwp%2Fv2%2Ftags&post=48041"}],"curies":[{"name":"wp","href":"https:\/\/api.w.org\/{rel}","templated":true}]}}