{"id":48038,"date":"2022-07-19T14:33:57","date_gmt":"2022-07-19T19:33:57","guid":{"rendered":"https:\/\/interaccionnoticias.com.mx\/?p=48038"},"modified":"2022-07-19T14:34:02","modified_gmt":"2022-07-19T19:34:02","slug":"padres-de-familia-exigen-la-asignacion-de-un-profesor-en-el-cocoyul-municipio-de-quechultenango","status":"publish","type":"post","link":"https:\/\/www.interaccionnoticias.com.mx\/?p=48038","title":{"rendered":"Padres de familia exigen la asignaci\u00f3n de un profesor en el Cocoyul, municipio de Quechultenango"},"content":{"rendered":"\n<p><strong><em>&#8212; El que estaba, de pronto dej\u00f3 de presentarse<\/em><\/strong><\/p>\n\n\n\n<p><strong>Jes\u00fas Dorantes<\/strong><\/p>\n\n\n\n<p><strong>Chilpancingo, Gro.- <\/strong>Padres de familia de la primaria Emiliano Zapata de la comunidad del Cocoyul, municipio de Quechultenango se manifestaron en las oficinas de Direcci\u00f3n General de Administraci\u00f3n de Personal de la Secretar\u00eda de Educaci\u00f3n Guerrero (SEG), exigen la asignaci\u00f3n de un profesor.<\/p>\n\n\n\n<p>Los manifestantes arribaron la ma\u00f1ana del martes a Chilpancingo, para se\u00f1alar que desde hace ocho meses, un grupo de 25 alumnos, de los 150 inscritos en dicho plantel no cuentan con profesor.<\/p>\n\n\n\n<p>Los jefes de familias sus nombres, pero denunciaron que el profesor encargado de la atenci\u00f3n a los alumnos de sexto grado, sin explicaci\u00f3n de por medio de pronto dej\u00f3 de presentarse a dar clases, por lo que hasta la fecha se desconoce la raz\u00f3n de dicha ausencia.<br>Desde ese momento, sus hijos tienen que esperar para poder ser atendidos por otros profesores cada que acuden a la escuela, provocando un retraso en sus estudios.<\/p>\n\n\n\n<p>Ante la falta de respuesta de las autoridades, acudieron hasta Chilpancingo para exigir\u00e1 la SEG que les asigne un nuevo profesor, ya que temen que el anterior vaya a regresar.<\/p>\n","protected":false},"excerpt":{"rendered":"<p>&#8212; El que estaba, de pronto dej\u00f3 de presentarse Jes\u00fas Dorantes Chilpancingo, Gro.- Padres de familia de la primaria Emiliano Zapata de la comunidad del Cocoyul, municipio de Quechultenango se&hellip; <\/p>\n","protected":false},"author":8,"featured_media":48039,"comment_status":"open","ping_status":"open","sticky":false,"template":"","format":"standard","meta":{"fifu_image_url":"","fifu_image_alt":"","footnotes":""},"categories":[6],"tags":[],"class_list":["post-48038","post","type-post","status-publish","format-standard","has-post-thumbnail","hentry","category-educacion"],"_links":{"self":[{"href":"https:\/\/www.interaccionnoticias.com.mx\/index.php?rest_route=\/wp\/v2\/posts\/48038","targetHints":{"allow":["GET"]}}],"collection":[{"href":"https:\/\/www.interaccionnoticias.com.mx\/index.php?rest_route=\/wp\/v2\/posts"}],"about":[{"href":"https:\/\/www.interaccionnoticias.com.mx\/index.php?rest_route=\/wp\/v2\/types\/post"}],"author":[{"embeddable":true,"href":"https:\/\/www.interaccionnoticias.com.mx\/index.php?rest_route=\/wp\/v2\/users\/8"}],"replies":[{"embeddable":true,"href":"https:\/\/www.interaccionnoticias.com.mx\/index.php?rest_route=%2Fwp%2Fv2%2Fcomments&post=48038"}],"version-history":[{"count":1,"href":"https:\/\/www.interaccionnoticias.com.mx\/index.php?rest_route=\/wp\/v2\/posts\/48038\/revisions"}],"predecessor-version":[{"id":48040,"href":"https:\/\/www.interaccionnoticias.com.mx\/index.php?rest_route=\/wp\/v2\/posts\/48038\/revisions\/48040"}],"wp:featuredmedia":[{"embeddable":true,"href":"https:\/\/www.interaccionnoticias.com.mx\/index.php?rest_route=\/wp\/v2\/media\/48039"}],"wp:attachment":[{"href":"https:\/\/www.interaccionnoticias.com.mx\/index.php?rest_route=%2Fwp%2Fv2%2Fmedia&parent=48038"}],"wp:term":[{"taxonomy":"category","embeddable":true,"href":"https:\/\/www.interaccionnoticias.com.mx\/index.php?rest_route=%2Fwp%2Fv2%2Fcategories&post=48038"},{"taxonomy":"post_tag","embeddable":true,"href":"https:\/\/www.interaccionnoticias.com.mx\/index.php?rest_route=%2Fwp%2Fv2%2Ftags&post=48038"}],"curies":[{"name":"wp","href":"https:\/\/api.w.org\/{rel}","templated":true}]}}