{"id":48032,"date":"2022-07-19T13:42:51","date_gmt":"2022-07-19T18:42:51","guid":{"rendered":"https:\/\/interaccionnoticias.com.mx\/?p=48032"},"modified":"2022-07-19T13:42:56","modified_gmt":"2022-07-19T18:42:56","slug":"padre-de-familia-denunciara-ante-derechos-humanos-y-la-seg-a-director-y-profesora-por-discriminacion","status":"publish","type":"post","link":"https:\/\/www.interaccionnoticias.com.mx\/?p=48032","title":{"rendered":"Padre de familia denunciar\u00e1 ante Derechos Humanos y la SEG a director y profesora por discriminaci\u00f3n"},"content":{"rendered":"\n<p><strong><em>&#8212; A Diana Abril Astudillo le impidieron aparecer en la fotograf\u00eda de generaci\u00f3n por no comprar el uniforme de gala<br>&#8212; Es parte de la escolta con 9.4 de promedio, lo que no le mereci\u00f3 una consideraci\u00f3n<\/em><\/strong><\/p>\n\n\n\n<p><strong>Jes\u00fas Dorantes<\/strong><\/p>\n\n\n\n<p><strong>Chilpancingo, Gro.- <\/strong>El director de la escuela primaria \u201cFederico Encarnaci\u00f3n Astudillo\u201d, Getulio Sebasti\u00e1n Cuevas ser\u00e1 denunciado ante la Comisi\u00f3n de Derechos Humanos del Estado de Guerrero (CDHEG) por discriminar a una estudiante de alto rendimiento acad\u00e9mico, a la que se le impidi\u00f3 tomarse la foto de generaci\u00f3n por no tener dinero para comprarse un uniforme de gala.<\/p>\n\n\n\n<p>Jos\u00e9 Astudillo Rodr\u00edguez, padre de la menor Diana Abril Astudillo, integrante de la escolta del plantel, con promedio escolar de 9.4, denunci\u00f3 que de manera indebida, a su hija s se le neg\u00f3 la posibilidad de tomarse la foto grupal de generaci\u00f3n con sus compa\u00f1eros, bajo el argumento de que no ten\u00eda el uniforme de gala.<\/p>\n\n\n\n<p>Astudillo Rodr\u00edguez, dijo que el pasado 15 de julio, los estudiantes de sexto grado fueron convocados para tomarse la foto de generaci\u00f3n, por falta de recursos, su hija Diana no tuvo el tiempo necesario para mandar a hacer el traje de gala y se present\u00f3 con el uniforme de la escolta, con la esperanza de que a partir de su buen desempe\u00f1o escolar, su profesora y el director del plantel tuvieran una consideraci\u00f3n, lo que no sucedi\u00f3.<\/p>\n\n\n\n<p>Diana fue marginada de la fotograf\u00eda oficial, lo que gener\u00f3 la inconformidad de su padre, que ante la falta de empat\u00eda decidi\u00f3 reportar el hecho ante la Secretar\u00eda de Educaci\u00f3n Guerrero (SEG) y la Comisi\u00f3n de Derechos Humanos del Estado de Guerrero (CDHEG).<\/p>\n\n\n\n<p>Responsabiliz\u00f3 del acto de discriminaci\u00f3n al director, Getulio Sebasti\u00e1n y la profesora Nayeli Rosales Cuevas, pero estos negaron la prohibici\u00f3n y se escudaron en que se trataba de un acuerdo de asamblea.<\/p>\n\n\n\n<p>La convocatoria de la fotograf\u00eda se hizo un d\u00eda antes de ser tomada, por lo que el padre de Diana asegur\u00f3 que le fue imposible comprar el traje de gala que se les estaba solicitando, debido a la pandemia y la suspensi\u00f3n de clases presenciales.<\/p>\n\n\n\n<p>Dijo que los talleres ped\u00edan de cinco a seis d\u00edas para poder entregarlo, pero por la falta de recursos no pudo encargarlo al mismo tiempo que los dem\u00e1s.<\/p>\n\n\n\n<p>Ante dicha situaci\u00f3n, \u00e9l acudi\u00f3 en primera instancia con la profesora para pedir una prorroga y conseguir el uniforme, pero la acad\u00e9mica lo canaliz\u00f3 con el director, en ambos casos bajo el mismo argumento que hab\u00eda sido un acuerdo del Comit\u00e9 Pro clausura, el cual no se pod\u00eda cambiar.<\/p>\n\n\n\n<p>En ese sentido el se\u00f1or Jos\u00e9 Astudillo destac\u00f3 que el comit\u00e9 est\u00e1 integrado por seis padres de familia y que adem\u00e1s, ten\u00eda pruebas de que en generaciones previas, se ha permitido en algunos casos usar el uniforme de la escolta en la fotograf\u00eda de recuerdo, pero en esta ocasi\u00f3n hubo una cerraz\u00f3n total.<\/p>\n\n\n\n<p>Record\u00f3 que en l 2017 otra de sus hijas sali\u00f3 de la misma escuela, por lo que en el cuadro de aquella generaci\u00f3n aparece con un uniforme diferente al de gala.<\/p>\n\n\n\n<p>Este mi\u00e9rcoles 20 de julio, el padre de Diana viajar\u00e1 hacia Chilpancingo para presentar una queja ante la Comisi\u00f3n de Derechos Humanos del Estado de Guerrero (CDHEG), pues considera que su hija fue v\u00edctima de un acto de discriminaci\u00f3n.<\/p>\n","protected":false},"excerpt":{"rendered":"<p>&#8212; A Diana Abril Astudillo le impidieron aparecer en la fotograf\u00eda de generaci\u00f3n por no comprar el uniforme de gala&#8212; Es parte de la escolta con 9.4 de promedio, lo&hellip; <\/p>\n","protected":false},"author":8,"featured_media":48033,"comment_status":"open","ping_status":"open","sticky":false,"template":"","format":"standard","meta":{"fifu_image_url":"","fifu_image_alt":"","footnotes":""},"categories":[6],"tags":[],"class_list":["post-48032","post","type-post","status-publish","format-standard","has-post-thumbnail","hentry","category-educacion"],"_links":{"self":[{"href":"https:\/\/www.interaccionnoticias.com.mx\/index.php?rest_route=\/wp\/v2\/posts\/48032","targetHints":{"allow":["GET"]}}],"collection":[{"href":"https:\/\/www.interaccionnoticias.com.mx\/index.php?rest_route=\/wp\/v2\/posts"}],"about":[{"href":"https:\/\/www.interaccionnoticias.com.mx\/index.php?rest_route=\/wp\/v2\/types\/post"}],"author":[{"embeddable":true,"href":"https:\/\/www.interaccionnoticias.com.mx\/index.php?rest_route=\/wp\/v2\/users\/8"}],"replies":[{"embeddable":true,"href":"https:\/\/www.interaccionnoticias.com.mx\/index.php?rest_route=%2Fwp%2Fv2%2Fcomments&post=48032"}],"version-history":[{"count":1,"href":"https:\/\/www.interaccionnoticias.com.mx\/index.php?rest_route=\/wp\/v2\/posts\/48032\/revisions"}],"predecessor-version":[{"id":48034,"href":"https:\/\/www.interaccionnoticias.com.mx\/index.php?rest_route=\/wp\/v2\/posts\/48032\/revisions\/48034"}],"wp:featuredmedia":[{"embeddable":true,"href":"https:\/\/www.interaccionnoticias.com.mx\/index.php?rest_route=\/wp\/v2\/media\/48033"}],"wp:attachment":[{"href":"https:\/\/www.interaccionnoticias.com.mx\/index.php?rest_route=%2Fwp%2Fv2%2Fmedia&parent=48032"}],"wp:term":[{"taxonomy":"category","embeddable":true,"href":"https:\/\/www.interaccionnoticias.com.mx\/index.php?rest_route=%2Fwp%2Fv2%2Fcategories&post=48032"},{"taxonomy":"post_tag","embeddable":true,"href":"https:\/\/www.interaccionnoticias.com.mx\/index.php?rest_route=%2Fwp%2Fv2%2Ftags&post=48032"}],"curies":[{"name":"wp","href":"https:\/\/api.w.org\/{rel}","templated":true}]}}