{"id":4803,"date":"2017-05-30T19:46:54","date_gmt":"2017-05-31T00:46:54","guid":{"rendered":"http:\/\/www.inter-accion.com.mx\/?p=4803"},"modified":"2017-05-30T19:46:54","modified_gmt":"2017-05-31T00:46:54","slug":"gobierno-y-congreso-de-guerrero-niegan-intromision-en-los-comicios-del-edomex","status":"publish","type":"post","link":"https:\/\/www.interaccionnoticias.com.mx\/?p=4803","title":{"rendered":"Gobierno y Congreso de Guerrero niegan intromisi\u00f3n en los comicios del Edomex"},"content":{"rendered":"<p><strong>Si vamos, ser\u00e1 solo como vigilantes, aclara diputada<\/strong><br \/>\nEl gobernador H\u00e9ctor Astudillo Flores aclar\u00f3 que no hay integrantes de su administraci\u00f3n operando pol\u00edticamente en la elecci\u00f3n del Estado de M\u00e9xico, en tanto que la presidenta de la Junta de Coordinaci\u00f3n Pol\u00edtica del Congreso local, Flor A\u00f1orve Ocampo aclar\u00f3 que si van algunos diputados guerrerenses, lo har\u00e1n solo como vigilantes, no para manipular a los electores.<br \/>\nEn un primer momento, el gobernador Astudillo Flores se desmarc\u00f3 de cualquier trabajo de proselitismo en el vecino estado por parte de alguno de sus colaboradores.<br \/>\n\u201cNi debo, ni tengo tiempo\u201d, dijo ante el se\u00f1alamiento de que est\u00e1 a cargo de la operaci\u00f3n pol\u00edtica en Huixquilucan Estado de M\u00e9xico, para luego se\u00f1alar que en la contienda de dicha entidad, todos los actores est\u00e1n descalific\u00e1ndose unos a otros.<br \/>\nAgreg\u00f3 que cuando viaja hacia dicha entidad, la \u00fanica ciudad que visita es Toluca, la capital, por eso insisti\u00f3: \u201cNo tengo yo ninguna otra circunstancia por la cual tengo yo que ir; cualquier otro comentario me parece sumamente mal intencionado\u201d.<br \/>\nPuntualiz\u00f3 que de lo que no puede responsabilizarse, es de la movilidad que tengan diputados locales, federales y senadores, ya que generalmente se mueven con base al inter\u00e9s de sus respectivas fracciones parlamentarias.<br \/>\nCuestionada sobre el tema, la presidenta de la Junta de Coordinaci\u00f3n Pol\u00edtica del Congreso local, manifest\u00f3 que hasta el momento no se ha percatado de que alguno de sus compa\u00f1eros este operando en la contienda venidera.<br \/>\nAnticip\u00f3 que si se los requieren, los diputados de Guerrero estar\u00edan en condiciones de trasladarse, aunque tambi\u00e9n aclar\u00f3 que ser\u00eda solo como observadores, para vigilar que los comicios transiten en buenos t\u00e9rminos, sin que se altere la voluntad popular.<\/p>\n","protected":false},"excerpt":{"rendered":"<p>Si vamos, ser\u00e1 solo como vigilantes, aclara diputada El gobernador H\u00e9ctor Astudillo Flores aclar\u00f3 que no hay integrantes de su administraci\u00f3n operando pol\u00edticamente en la elecci\u00f3n del Estado de M\u00e9xico,&hellip; <\/p>\n","protected":false},"author":1,"featured_media":0,"comment_status":"closed","ping_status":"closed","sticky":false,"template":"","format":"standard","meta":{"fifu_image_url":"","fifu_image_alt":"","footnotes":""},"categories":[8,18],"tags":[],"class_list":["post-4803","post","type-post","status-publish","format-standard","hentry","category-featured","category-partidos-politicos"],"_links":{"self":[{"href":"https:\/\/www.interaccionnoticias.com.mx\/index.php?rest_route=\/wp\/v2\/posts\/4803","targetHints":{"allow":["GET"]}}],"collection":[{"href":"https:\/\/www.interaccionnoticias.com.mx\/index.php?rest_route=\/wp\/v2\/posts"}],"about":[{"href":"https:\/\/www.interaccionnoticias.com.mx\/index.php?rest_route=\/wp\/v2\/types\/post"}],"author":[{"embeddable":true,"href":"https:\/\/www.interaccionnoticias.com.mx\/index.php?rest_route=\/wp\/v2\/users\/1"}],"replies":[{"embeddable":true,"href":"https:\/\/www.interaccionnoticias.com.mx\/index.php?rest_route=%2Fwp%2Fv2%2Fcomments&post=4803"}],"version-history":[{"count":0,"href":"https:\/\/www.interaccionnoticias.com.mx\/index.php?rest_route=\/wp\/v2\/posts\/4803\/revisions"}],"wp:attachment":[{"href":"https:\/\/www.interaccionnoticias.com.mx\/index.php?rest_route=%2Fwp%2Fv2%2Fmedia&parent=4803"}],"wp:term":[{"taxonomy":"category","embeddable":true,"href":"https:\/\/www.interaccionnoticias.com.mx\/index.php?rest_route=%2Fwp%2Fv2%2Fcategories&post=4803"},{"taxonomy":"post_tag","embeddable":true,"href":"https:\/\/www.interaccionnoticias.com.mx\/index.php?rest_route=%2Fwp%2Fv2%2Ftags&post=4803"}],"curies":[{"name":"wp","href":"https:\/\/api.w.org\/{rel}","templated":true}]}}