{"id":48029,"date":"2022-07-19T12:46:01","date_gmt":"2022-07-19T17:46:01","guid":{"rendered":"https:\/\/interaccionnoticias.com.mx\/?p=48029"},"modified":"2022-07-19T12:46:06","modified_gmt":"2022-07-19T17:46:06","slug":"en-guerrero-van-seis-muertes-por-covid-19-durante-la-quinta-ola-de-contagios","status":"publish","type":"post","link":"https:\/\/www.interaccionnoticias.com.mx\/?p=48029","title":{"rendered":"En Guerrero van seis muertes por Covid-19 durante la quinta ola de contagios"},"content":{"rendered":"\n<p>&#8212;<strong><em> La cifra es muy inferior a lo registrado en la cuarta ola, se\u00f1ala la Secretar\u00eda de Salud<\/em><\/strong><\/p>\n\n\n\n<p><strong>Rogelio Agust\u00edn<\/strong><\/p>\n\n\n\n<p>El subsecretario de Control de Enfermedades de la Secretar\u00eda de Salud de Guerrero, Jes\u00fas Ulises Adame Reyna confirm\u00f3 que en lo que va de la quinta ola de contagios de Covid-19, dicha enfermedad ha provocado la muerte de seis personas, la mayor\u00eda no estaban vacunados y eran personas \u201cde edad muy avanzada\u201d.<br><br>El funcionario record\u00f3 que desde el inicio de la semana semana pasada, el Consejo Estatal de Salud acord\u00f3 reducir en un 20 porciento el aforo de personas en lugares cerrados, dado el repunte que registran ciudades como Chilpancingo, Acapulco y Zihuatanejo, entre otras.<br><br>Sin embargo, destac\u00f3 que a pesar del repunte estad\u00edstico que existe en materia de contagios, este no ha provocado un nivel exagerado de hospitalizaciones ni ha disparado la mortalidad.<br><br>Las actividades en los centros nocturnos, de acuerdo con el Consejo Estatal de Salud, tambi\u00e9n quedan acotados a las 03:00 horas, para tambi\u00e9n tratar de contener los contagios<br><br>Adame Reyna record\u00f3 que se tienen ya dos a\u00f1os con dos meses de pandemia, de tal suerte que la poblaci\u00f3n ya debe estar habituada a medidas como el uso de cubrebocas, el lavado constante de manos, guardar la sana distancia, evitar aglomeraciones y el uso constante de gel antibacterial.<br><br>En lo que va de la quinta ola, detectada a partir del mes de mayo, dijo que se han registrado por lo menos seis muertes, se trata de personas que no hab\u00edan recibido la vacuna contra el Covid-19, adem\u00e1s de que ten\u00edan una edad muy avanzada.<br><br>Que en tres meses se tenga un registro de seis muertes, se\u00f1al\u00f3 que difieren mucho de los 123 decesos registrados en el mes de enero y las 202 de febrero, cuando se dec\u00eda que la variante Omicr\u00f3n no era tan letal.<br><br>En estos momentos hay 35 pacientes hospitalizados por Covid-19, mientras que en la cuarta ola el registro fue de 160.<br>De los 35 casos hospitalizados solo 2 est\u00e1n intubados, cantidad que se encuentra muy por debajo de los 160 que llegaron a sufrir una complicaci\u00f3n grave en la cuarta ola.<br><br>El funcionario advirti\u00f3 que en estos momentos, las personas m\u00e1s vulnerables ante el virus son los que no han recibido ninguna vacuna y quienes presentan enfermedades cr\u00f3nico-degenerativas.<\/p>\n","protected":false},"excerpt":{"rendered":"<p>&#8212; La cifra es muy inferior a lo registrado en la cuarta ola, se\u00f1ala la Secretar\u00eda de Salud Rogelio Agust\u00edn El subsecretario de Control de Enfermedades de la Secretar\u00eda de&hellip; <\/p>\n","protected":false},"author":21,"featured_media":48030,"comment_status":"open","ping_status":"open","sticky":false,"template":"","format":"standard","meta":{"fifu_image_url":"","fifu_image_alt":"","footnotes":""},"categories":[3],"tags":[],"class_list":["post-48029","post","type-post","status-publish","format-standard","has-post-thumbnail","hentry","category-covid-19"],"_links":{"self":[{"href":"https:\/\/www.interaccionnoticias.com.mx\/index.php?rest_route=\/wp\/v2\/posts\/48029","targetHints":{"allow":["GET"]}}],"collection":[{"href":"https:\/\/www.interaccionnoticias.com.mx\/index.php?rest_route=\/wp\/v2\/posts"}],"about":[{"href":"https:\/\/www.interaccionnoticias.com.mx\/index.php?rest_route=\/wp\/v2\/types\/post"}],"author":[{"embeddable":true,"href":"https:\/\/www.interaccionnoticias.com.mx\/index.php?rest_route=\/wp\/v2\/users\/21"}],"replies":[{"embeddable":true,"href":"https:\/\/www.interaccionnoticias.com.mx\/index.php?rest_route=%2Fwp%2Fv2%2Fcomments&post=48029"}],"version-history":[{"count":1,"href":"https:\/\/www.interaccionnoticias.com.mx\/index.php?rest_route=\/wp\/v2\/posts\/48029\/revisions"}],"predecessor-version":[{"id":48031,"href":"https:\/\/www.interaccionnoticias.com.mx\/index.php?rest_route=\/wp\/v2\/posts\/48029\/revisions\/48031"}],"wp:featuredmedia":[{"embeddable":true,"href":"https:\/\/www.interaccionnoticias.com.mx\/index.php?rest_route=\/wp\/v2\/media\/48030"}],"wp:attachment":[{"href":"https:\/\/www.interaccionnoticias.com.mx\/index.php?rest_route=%2Fwp%2Fv2%2Fmedia&parent=48029"}],"wp:term":[{"taxonomy":"category","embeddable":true,"href":"https:\/\/www.interaccionnoticias.com.mx\/index.php?rest_route=%2Fwp%2Fv2%2Fcategories&post=48029"},{"taxonomy":"post_tag","embeddable":true,"href":"https:\/\/www.interaccionnoticias.com.mx\/index.php?rest_route=%2Fwp%2Fv2%2Ftags&post=48029"}],"curies":[{"name":"wp","href":"https:\/\/api.w.org\/{rel}","templated":true}]}}