{"id":48020,"date":"2022-07-18T20:33:16","date_gmt":"2022-07-19T01:33:16","guid":{"rendered":"https:\/\/interaccionnoticias.com.mx\/?p=48020"},"modified":"2022-07-18T20:33:22","modified_gmt":"2022-07-19T01:33:22","slug":"se-cumple-un-ano-de-que-la-ase-no-tiene-titular","status":"publish","type":"post","link":"https:\/\/www.interaccionnoticias.com.mx\/?p=48020","title":{"rendered":"Se cumple un a\u00f1o de que la ASE no tiene titular"},"content":{"rendered":"\n<p><strong><em>&#8212; Al vencer el periodo de Alfonso Dami\u00e1n Peralta, el \u00f3rgano de Fiscalizaci\u00f3n ha tenido al frente dos encargados de despacho<br>&#8212; En enero pasado hubo un intento por nombrar a un titular, pero no alcanz\u00f3 la mayor\u00eda calificada<\/em><\/strong><\/p>\n\n\n\n<p><strong>Rogelio Agust\u00edn<\/strong><\/p>\n\n\n\n<p>El proximo miercoles 20 de julio, la Auditoria Superior del Estado (ASE), \u00f3rgano de fiscalizaci\u00f3n del Poder Legislativo de Guerrero cumplir\u00e1 un a\u00f1o trabajando con un encargado de despacho, el presidente de la Junta de Coordinaci\u00f3n Pol\u00edtica (Jucopo), Alfredo S\u00e1nchez Esquivel confirm\u00f3 que habr\u00e1 un segundo intento para designar a un titular que cuente con el respaldo de la mayor\u00eda calificada del Congreso local.<\/p>\n\n\n\n<p>El miercoles 20 de julio se cumpir\u00e1 un a\u00f1o de que venci\u00f3 el periodo para el que fue designado Alfonso Dami\u00e1n Peralta, quien al dejar el cargo fue relevado provisionalmente por un encargado de despacho, que fue Luis Javier Gonz\u00e1lez Guerrero.<\/p>\n\n\n\n<p>Gonz\u00e1lez Guerrero posteriormente renunci\u00f3 al cargo y qued\u00f3 al frente la actual encargada, Natividad P\u00e9rez Guinto.<\/p>\n\n\n\n<p>Seis meses despu\u00e9s, en enero de 2022 el Pleno del Congreso intent\u00f3 designar a un titular en sesi\u00f3n plenaria, sin embargo, ning\u00fan integrante de la terna, alcanz\u00f3 las dos terceras partes de los diputados que integran la 63 Legislatura, como ordena la legislaci\u00f3n vigente.<\/p>\n\n\n\n<p>Este miercoles 20 de julio se cumplir\u00e1 un a\u00f1o de que el ex auditor Alfonso Dami\u00e1n dej\u00f3 el cargo, por lo que el \u00f3rgano encargado de la fiscalizaci\u00f3n de los recursos p\u00fablicos en el estado se qued\u00f3 sin titular.<\/p>\n\n\n\n<p>El coordinador de Morena y presidente de la Jucopo, coment\u00f3 que en estos momentos se trabaja en la ruta de tejer un buen acuerdo entre las fuerzas pol\u00edticas que tienen presencia en el Congreso.<\/p>\n\n\n\n<p>De generarse el acuerdo, se proceder\u00e1 a la emisi\u00f3n de una convocatoria o en su caso, se buscar\u00eda la posibilidad de integrar una terna para terminar con una etapa, que el representante popular reconoce que es compleja.<\/p>\n\n\n\n<p>De lanzarse una convocatoria, dijo que habr\u00e1 todas las garant\u00edas para que \u201chombres y mujeres libres participen y que gane el mejor\u201d.<\/p>\n\n\n\n<p>No descart\u00f3 la posibilidad de que la actual encargada de despacho pueda participar, ya que incluso, en la convocatoria de enero pasado hubo la posibilidad de que el ahora ex auditor, Alfonso Dami\u00e1n pudiera participar.<\/p>\n\n\n\n<p>Indic\u00f3 que se buscar\u00e1 la manera de que el nombramiento pueda consolidarse antes de que concluya el primer a\u00f1o de ejercicio constitucional de la 63 Legislatura, que es el \u00faltimo d\u00eda del mes de agosto.<\/p>\n","protected":false},"excerpt":{"rendered":"<p>&#8212; Al vencer el periodo de Alfonso Dami\u00e1n Peralta, el \u00f3rgano de Fiscalizaci\u00f3n ha tenido al frente dos encargados de despacho&#8212; En enero pasado hubo un intento por nombrar a&hellip; <\/p>\n","protected":false},"author":21,"featured_media":48021,"comment_status":"open","ping_status":"open","sticky":false,"template":"","format":"standard","meta":{"fifu_image_url":"","fifu_image_alt":"","footnotes":""},"categories":[2],"tags":[],"class_list":["post-48020","post","type-post","status-publish","format-standard","has-post-thumbnail","hentry","category-congreso"],"_links":{"self":[{"href":"https:\/\/www.interaccionnoticias.com.mx\/index.php?rest_route=\/wp\/v2\/posts\/48020","targetHints":{"allow":["GET"]}}],"collection":[{"href":"https:\/\/www.interaccionnoticias.com.mx\/index.php?rest_route=\/wp\/v2\/posts"}],"about":[{"href":"https:\/\/www.interaccionnoticias.com.mx\/index.php?rest_route=\/wp\/v2\/types\/post"}],"author":[{"embeddable":true,"href":"https:\/\/www.interaccionnoticias.com.mx\/index.php?rest_route=\/wp\/v2\/users\/21"}],"replies":[{"embeddable":true,"href":"https:\/\/www.interaccionnoticias.com.mx\/index.php?rest_route=%2Fwp%2Fv2%2Fcomments&post=48020"}],"version-history":[{"count":1,"href":"https:\/\/www.interaccionnoticias.com.mx\/index.php?rest_route=\/wp\/v2\/posts\/48020\/revisions"}],"predecessor-version":[{"id":48022,"href":"https:\/\/www.interaccionnoticias.com.mx\/index.php?rest_route=\/wp\/v2\/posts\/48020\/revisions\/48022"}],"wp:featuredmedia":[{"embeddable":true,"href":"https:\/\/www.interaccionnoticias.com.mx\/index.php?rest_route=\/wp\/v2\/media\/48021"}],"wp:attachment":[{"href":"https:\/\/www.interaccionnoticias.com.mx\/index.php?rest_route=%2Fwp%2Fv2%2Fmedia&parent=48020"}],"wp:term":[{"taxonomy":"category","embeddable":true,"href":"https:\/\/www.interaccionnoticias.com.mx\/index.php?rest_route=%2Fwp%2Fv2%2Fcategories&post=48020"},{"taxonomy":"post_tag","embeddable":true,"href":"https:\/\/www.interaccionnoticias.com.mx\/index.php?rest_route=%2Fwp%2Fv2%2Ftags&post=48020"}],"curies":[{"name":"wp","href":"https:\/\/api.w.org\/{rel}","templated":true}]}}